{"id":1440,"date":"2017-06-07T23:04:30","date_gmt":"2017-06-07T21:04:30","guid":{"rendered":"http:\/\/ptitedukanette.fr\/?p=1440"},"modified":"2020-08-03T21:00:40","modified_gmt":"2020-08-03T19:00:40","slug":"salade-dasperges-et-fromage-de-chevre","status":"publish","type":"post","link":"https:\/\/dukanette.fr\/?p=1440","title":{"rendered":"Salade d&rsquo;asperges et fromage de ch\u00e8vre"},"content":{"rendered":"<p style=\"text-align: center;\">\n<p style=\"text-align: center;\"><img loading=\"lazy\" decoding=\"async\" class=\"alignnone size-full wp-image-5867\" src=\"https:\/\/dukanette.com\/wp-content\/uploads\/2017\/06\/t\u00e9l\u00e9chargement-1-1-1.jpg\" alt=\"\" width=\"300\" height=\"168\" \/><\/p>\n<p>&nbsp;<\/p>\n<p>&nbsp;<\/p>\n<p><span class=\"ingredient-checkable\">Asperges\u00a0<b>4 bottes<\/b><\/span><\/p>\n<p><span class=\"ingredient-checkable\">Tomates cerise <b>300g<\/b><\/span><\/p>\n<p><i class=\"fa fa-check ingredient-checkbox\"><\/i><span class=\"ingredient-checkable\"><span style=\"color: #ff0000;\">Noix grill\u00e9es<\/span> et concass\u00e9es\u00a0<b>100g\u00a0<\/b><\/span><\/p>\n<p><i class=\"fa fa-check ingredient-checkbox\"><\/i><span class=\"ingredient-checkable\">Fromage de ch\u00e8vre all\u00e9g\u00e9 ou ar\u00f4me ch\u00e8vre avec un \u00a0autre fromage tr\u00e8s bas en mati\u00e8re grasse\u00a0<b>100g<\/b><\/span><\/p>\n<p><i class=\"fa fa-check ingredient-checkbox\"><\/i><span class=\"ingredient-checkable\">Endives\u00a0<b>Quelques feuilles<\/b><\/span><\/p>\n<p><i class=\"fa fa-check ingredient-checkbox\"><\/i><span class=\"ingredient-checkable\">Vinaigre de x\u00e9r\u00e8s\u00a0<b>1 C\u00e0S<\/b><\/span><\/p>\n<p><i class=\"fa fa-check ingredient-checkbox\"><\/i><span class=\"ingredient-checkable\">Huile de noix\u00a01<b>\u00a0C\u00e0S<\/b><\/span><\/p>\n<p><i class=\"fa fa-check ingredient-checkbox\"><\/i><span class=\"ingredient-checkable\">Ciboulette\u00a0<b>1 bouquet<\/b><\/span><\/p>\n<p><i class=\"fa fa-check ingredient-checkbox\"><\/i><span class=\"ingredient-checkable\">Sel, poivre<\/span><\/p>\n<p>&nbsp;<\/p>\n<p>&nbsp;<\/p>\n<p>Dans une casserole d\u2019eau bouillante sal\u00e9e, faites blanchir les asperges 1 minute, \u00e9gouttez-les et refroidissez-les dans de l\u2019eau glac\u00e9e puis, \u00e9gouttez-les \u00e0 nouveau. moi je les prends en conserve<\/p>\n<p>2. Dans un bol, m\u00e9langez le vinaigre et l\u2019huile de noix. Salez et poivrez.<\/p>\n<p>3. Sur un grand plat, disposez les asperges, les feuilles d\u2019endive et les noix.<\/p>\n<p>Coupez les tomates en deux puis, ajoutez-les \u00e0 la pr\u00e9paration.<\/p>\n<p>Emiettez le fromage et \u00e9mincez la ciboulette.<\/p>\n<p>Versez la sauce sur la salade et parsemez de fromage de ch\u00e8vre et de ciboulette<\/p>\n<p>&nbsp;<\/p>\n<p>&nbsp;<\/p>\n","protected":false},"excerpt":{"rendered":"<p>&nbsp; &nbsp; Asperges\u00a04 bottes Tomates cerise 300g Noix grill\u00e9es et concass\u00e9es\u00a0100g\u00a0 Fromage de ch\u00e8vre all\u00e9g\u00e9 ou ar\u00f4me ch\u00e8vre avec un \u00a0autre fromage tr\u00e8s bas en mati\u00e8re grasse\u00a0100g Endives\u00a0Quelques feuilles Vinaigre&hellip;<\/p>\n","protected":false},"author":1,"featured_media":3570,"comment_status":"open","ping_status":"closed","sticky":false,"template":"","format":"standard","meta":{"wprm-recipe-roundup-name":"","wprm-recipe-roundup-description":"","_jetpack_memberships_contains_paid_content":false,"footnotes":""},"categories":[2,3],"tags":[12],"class_list":["post-1440","post","type-post","status-publish","format-standard","has-post-thumbnail","hentry","category-recette","category-sale","tag-croisiere"],"yoast_head":"<!-- This site is optimized with the Yoast SEO plugin v27.2 - https:\/\/yoast.com\/product\/yoast-seo-wordpress\/ -->\n<title>Salade d&#039;asperges et fromage de ch\u00e8vre - Se faire plaisir<\/title>\n<meta name=\"robots\" content=\"index, follow, max-snippet:-1, max-image-preview:large, max-video-preview:-1\" \/>\n<link rel=\"canonical\" href=\"https:\/\/dukanette.fr\/?p=1440\" \/>\n<meta property=\"og:locale\" content=\"fr_FR\" \/>\n<meta property=\"og:type\" content=\"article\" \/>\n<meta property=\"og:title\" content=\"Salade d&#039;asperges et fromage de ch\u00e8vre - Se faire plaisir\" \/>\n<meta property=\"og:description\" content=\"&nbsp; &nbsp; Asperges\u00a04 bottes Tomates cerise 300g Noix grill\u00e9es et concass\u00e9es\u00a0100g\u00a0 Fromage de ch\u00e8vre all\u00e9g\u00e9 ou ar\u00f4me ch\u00e8vre avec un \u00a0autre fromage tr\u00e8s bas en mati\u00e8re grasse\u00a0100g Endives\u00a0Quelques feuilles Vinaigre&hellip;\" \/>\n<meta property=\"og:url\" content=\"https:\/\/dukanette.fr\/?p=1440\" \/>\n<meta property=\"og:site_name\" content=\"Se faire plaisir\" \/>\n<meta property=\"article:publisher\" content=\"https:\/\/www.facebook.com\/ptitedukanette\" \/>\n<meta property=\"article:published_time\" content=\"2017-06-07T21:04:30+00:00\" \/>\n<meta property=\"article:modified_time\" content=\"2020-08-03T19:00:40+00:00\" \/>\n<meta property=\"og:image\" content=\"https:\/\/dukanette.fr\/wp-content\/uploads\/2017\/06\/t\u00e9l\u00e9chargement-1-1.jpg\" \/>\n\t<meta property=\"og:image:width\" content=\"300\" \/>\n\t<meta property=\"og:image:height\" content=\"168\" \/>\n\t<meta property=\"og:image:type\" content=\"image\/jpeg\" \/>\n<meta name=\"author\" content=\"Nathalie\" \/>\n<meta name=\"twitter:card\" content=\"summary_large_image\" \/>\n<meta name=\"twitter:label1\" content=\"\u00c9crit par\" \/>\n\t<meta name=\"twitter:data1\" content=\"Nathalie\" \/>\n\t<meta name=\"twitter:label2\" content=\"Dur\u00e9e de lecture estim\u00e9e\" \/>\n\t<meta name=\"twitter:data2\" content=\"1 minute\" \/>\n<script type=\"application\/ld+json\" class=\"yoast-schema-graph\">{\"@context\":\"https:\/\/schema.org\",\"@graph\":[{\"@type\":\"Article\",\"@id\":\"https:\/\/dukanette.fr\/?p=1440#article\",\"isPartOf\":{\"@id\":\"https:\/\/dukanette.fr\/?p=1440\"},\"author\":{\"name\":\"Nathalie\",\"@id\":\"https:\/\/dukanette.fr\/#\/schema\/person\/29a18a2e65b28473696b7464a7b4616f\"},\"headline\":\"Salade d&rsquo;asperges et fromage de ch\u00e8vre\",\"datePublished\":\"2017-06-07T21:04:30+00:00\",\"dateModified\":\"2020-08-03T19:00:40+00:00\",\"mainEntityOfPage\":{\"@id\":\"https:\/\/dukanette.fr\/?p=1440\"},\"wordCount\":161,\"commentCount\":0,\"image\":{\"@id\":\"https:\/\/dukanette.fr\/?p=1440#primaryimage\"},\"thumbnailUrl\":\"https:\/\/dukanette.fr\/wp-content\/uploads\/2017\/06\/t\u00e9l\u00e9chargement-1-1.jpg\",\"keywords\":[\"croisi\u00e8re\"],\"articleSection\":[\"Recette\",\"Sal\u00e9\"],\"inLanguage\":\"fr-FR\",\"potentialAction\":[{\"@type\":\"CommentAction\",\"name\":\"Comment\",\"target\":[\"https:\/\/dukanette.fr\/?p=1440#respond\"]}]},{\"@type\":\"WebPage\",\"@id\":\"https:\/\/dukanette.fr\/?p=1440\",\"url\":\"https:\/\/dukanette.fr\/?p=1440\",\"name\":\"Salade d'asperges et fromage de ch\u00e8vre - Se faire plaisir\",\"isPartOf\":{\"@id\":\"https:\/\/dukanette.fr\/#website\"},\"primaryImageOfPage\":{\"@id\":\"https:\/\/dukanette.fr\/?p=1440#primaryimage\"},\"image\":{\"@id\":\"https:\/\/dukanette.fr\/?p=1440#primaryimage\"},\"thumbnailUrl\":\"https:\/\/dukanette.fr\/wp-content\/uploads\/2017\/06\/t\u00e9l\u00e9chargement-1-1.jpg\",\"datePublished\":\"2017-06-07T21:04:30+00:00\",\"dateModified\":\"2020-08-03T19:00:40+00:00\",\"author\":{\"@id\":\"https:\/\/dukanette.fr\/#\/schema\/person\/29a18a2e65b28473696b7464a7b4616f\"},\"breadcrumb\":{\"@id\":\"https:\/\/dukanette.fr\/?p=1440#breadcrumb\"},\"inLanguage\":\"fr-FR\",\"potentialAction\":[{\"@type\":\"ReadAction\",\"target\":[\"https:\/\/dukanette.fr\/?p=1440\"]}]},{\"@type\":\"ImageObject\",\"inLanguage\":\"fr-FR\",\"@id\":\"https:\/\/dukanette.fr\/?p=1440#primaryimage\",\"url\":\"https:\/\/dukanette.fr\/wp-content\/uploads\/2017\/06\/t\u00e9l\u00e9chargement-1-1.jpg\",\"contentUrl\":\"https:\/\/dukanette.fr\/wp-content\/uploads\/2017\/06\/t\u00e9l\u00e9chargement-1-1.jpg\",\"width\":300,\"height\":168},{\"@type\":\"BreadcrumbList\",\"@id\":\"https:\/\/dukanette.fr\/?p=1440#breadcrumb\",\"itemListElement\":[{\"@type\":\"ListItem\",\"position\":1,\"name\":\"Accueil\",\"item\":\"https:\/\/dukanette.fr\/\"},{\"@type\":\"ListItem\",\"position\":2,\"name\":\"Salade d&rsquo;asperges et fromage de ch\u00e8vre\"}]},{\"@type\":\"WebSite\",\"@id\":\"https:\/\/dukanette.fr\/#website\",\"url\":\"https:\/\/dukanette.fr\/\",\"name\":\"Maigrir en se faisant plaisir\",\"description\":\"Blog dukan de choupette\",\"potentialAction\":[{\"@type\":\"SearchAction\",\"target\":{\"@type\":\"EntryPoint\",\"urlTemplate\":\"https:\/\/dukanette.fr\/?s={search_term_string}\"},\"query-input\":{\"@type\":\"PropertyValueSpecification\",\"valueRequired\":true,\"valueName\":\"search_term_string\"}}],\"inLanguage\":\"fr-FR\"},{\"@type\":\"Person\",\"@id\":\"https:\/\/dukanette.fr\/#\/schema\/person\/29a18a2e65b28473696b7464a7b4616f\",\"name\":\"Nathalie\",\"image\":{\"@type\":\"ImageObject\",\"inLanguage\":\"fr-FR\",\"@id\":\"https:\/\/secure.gravatar.com\/avatar\/ee01839dc6049b7f398e764314b56d1f3d458829a172b8717953e96bf997a099?s=96&d=mm&r=g\",\"url\":\"https:\/\/secure.gravatar.com\/avatar\/ee01839dc6049b7f398e764314b56d1f3d458829a172b8717953e96bf997a099?s=96&d=mm&r=g\",\"contentUrl\":\"https:\/\/secure.gravatar.com\/avatar\/ee01839dc6049b7f398e764314b56d1f3d458829a172b8717953e96bf997a099?s=96&d=mm&r=g\",\"caption\":\"Nathalie\"},\"url\":\"https:\/\/dukanette.fr\/?author=1\"}]}<\/script>\n<!-- \/ Yoast SEO plugin. -->","yoast_head_json":{"title":"Salade d'asperges et fromage de ch\u00e8vre - Se faire plaisir","robots":{"index":"index","follow":"follow","max-snippet":"max-snippet:-1","max-image-preview":"max-image-preview:large","max-video-preview":"max-video-preview:-1"},"canonical":"https:\/\/dukanette.fr\/?p=1440","og_locale":"fr_FR","og_type":"article","og_title":"Salade d'asperges et fromage de ch\u00e8vre - Se faire plaisir","og_description":"&nbsp; &nbsp; Asperges\u00a04 bottes Tomates cerise 300g Noix grill\u00e9es et concass\u00e9es\u00a0100g\u00a0 Fromage de ch\u00e8vre all\u00e9g\u00e9 ou ar\u00f4me ch\u00e8vre avec un \u00a0autre fromage tr\u00e8s bas en mati\u00e8re grasse\u00a0100g Endives\u00a0Quelques feuilles Vinaigre&hellip;","og_url":"https:\/\/dukanette.fr\/?p=1440","og_site_name":"Se faire plaisir","article_publisher":"https:\/\/www.facebook.com\/ptitedukanette","article_published_time":"2017-06-07T21:04:30+00:00","article_modified_time":"2020-08-03T19:00:40+00:00","og_image":[{"width":300,"height":168,"url":"https:\/\/dukanette.fr\/wp-content\/uploads\/2017\/06\/t\u00e9l\u00e9chargement-1-1.jpg","type":"image\/jpeg"}],"author":"Nathalie","twitter_card":"summary_large_image","twitter_misc":{"\u00c9crit par":"Nathalie","Dur\u00e9e de lecture estim\u00e9e":"1 minute"},"schema":{"@context":"https:\/\/schema.org","@graph":[{"@type":"Article","@id":"https:\/\/dukanette.fr\/?p=1440#article","isPartOf":{"@id":"https:\/\/dukanette.fr\/?p=1440"},"author":{"name":"Nathalie","@id":"https:\/\/dukanette.fr\/#\/schema\/person\/29a18a2e65b28473696b7464a7b4616f"},"headline":"Salade d&rsquo;asperges et fromage de ch\u00e8vre","datePublished":"2017-06-07T21:04:30+00:00","dateModified":"2020-08-03T19:00:40+00:00","mainEntityOfPage":{"@id":"https:\/\/dukanette.fr\/?p=1440"},"wordCount":161,"commentCount":0,"image":{"@id":"https:\/\/dukanette.fr\/?p=1440#primaryimage"},"thumbnailUrl":"https:\/\/dukanette.fr\/wp-content\/uploads\/2017\/06\/t\u00e9l\u00e9chargement-1-1.jpg","keywords":["croisi\u00e8re"],"articleSection":["Recette","Sal\u00e9"],"inLanguage":"fr-FR","potentialAction":[{"@type":"CommentAction","name":"Comment","target":["https:\/\/dukanette.fr\/?p=1440#respond"]}]},{"@type":"WebPage","@id":"https:\/\/dukanette.fr\/?p=1440","url":"https:\/\/dukanette.fr\/?p=1440","name":"Salade d'asperges et fromage de ch\u00e8vre - Se faire plaisir","isPartOf":{"@id":"https:\/\/dukanette.fr\/#website"},"primaryImageOfPage":{"@id":"https:\/\/dukanette.fr\/?p=1440#primaryimage"},"image":{"@id":"https:\/\/dukanette.fr\/?p=1440#primaryimage"},"thumbnailUrl":"https:\/\/dukanette.fr\/wp-content\/uploads\/2017\/06\/t\u00e9l\u00e9chargement-1-1.jpg","datePublished":"2017-06-07T21:04:30+00:00","dateModified":"2020-08-03T19:00:40+00:00","author":{"@id":"https:\/\/dukanette.fr\/#\/schema\/person\/29a18a2e65b28473696b7464a7b4616f"},"breadcrumb":{"@id":"https:\/\/dukanette.fr\/?p=1440#breadcrumb"},"inLanguage":"fr-FR","potentialAction":[{"@type":"ReadAction","target":["https:\/\/dukanette.fr\/?p=1440"]}]},{"@type":"ImageObject","inLanguage":"fr-FR","@id":"https:\/\/dukanette.fr\/?p=1440#primaryimage","url":"https:\/\/dukanette.fr\/wp-content\/uploads\/2017\/06\/t\u00e9l\u00e9chargement-1-1.jpg","contentUrl":"https:\/\/dukanette.fr\/wp-content\/uploads\/2017\/06\/t\u00e9l\u00e9chargement-1-1.jpg","width":300,"height":168},{"@type":"BreadcrumbList","@id":"https:\/\/dukanette.fr\/?p=1440#breadcrumb","itemListElement":[{"@type":"ListItem","position":1,"name":"Accueil","item":"https:\/\/dukanette.fr\/"},{"@type":"ListItem","position":2,"name":"Salade d&rsquo;asperges et fromage de ch\u00e8vre"}]},{"@type":"WebSite","@id":"https:\/\/dukanette.fr\/#website","url":"https:\/\/dukanette.fr\/","name":"Maigrir en se faisant plaisir","description":"Blog dukan de choupette","potentialAction":[{"@type":"SearchAction","target":{"@type":"EntryPoint","urlTemplate":"https:\/\/dukanette.fr\/?s={search_term_string}"},"query-input":{"@type":"PropertyValueSpecification","valueRequired":true,"valueName":"search_term_string"}}],"inLanguage":"fr-FR"},{"@type":"Person","@id":"https:\/\/dukanette.fr\/#\/schema\/person\/29a18a2e65b28473696b7464a7b4616f","name":"Nathalie","image":{"@type":"ImageObject","inLanguage":"fr-FR","@id":"https:\/\/secure.gravatar.com\/avatar\/ee01839dc6049b7f398e764314b56d1f3d458829a172b8717953e96bf997a099?s=96&d=mm&r=g","url":"https:\/\/secure.gravatar.com\/avatar\/ee01839dc6049b7f398e764314b56d1f3d458829a172b8717953e96bf997a099?s=96&d=mm&r=g","contentUrl":"https:\/\/secure.gravatar.com\/avatar\/ee01839dc6049b7f398e764314b56d1f3d458829a172b8717953e96bf997a099?s=96&d=mm&r=g","caption":"Nathalie"},"url":"https:\/\/dukanette.fr\/?author=1"}]}},"jetpack_featured_media_url":"https:\/\/dukanette.fr\/wp-content\/uploads\/2017\/06\/t\u00e9l\u00e9chargement-1-1.jpg","jetpack_sharing_enabled":true,"_links":{"self":[{"href":"https:\/\/dukanette.fr\/index.php?rest_route=\/wp\/v2\/posts\/1440","targetHints":{"allow":["GET"]}}],"collection":[{"href":"https:\/\/dukanette.fr\/index.php?rest_route=\/wp\/v2\/posts"}],"about":[{"href":"https:\/\/dukanette.fr\/index.php?rest_route=\/wp\/v2\/types\/post"}],"author":[{"embeddable":true,"href":"https:\/\/dukanette.fr\/index.php?rest_route=\/wp\/v2\/users\/1"}],"replies":[{"embeddable":true,"href":"https:\/\/dukanette.fr\/index.php?rest_route=%2Fwp%2Fv2%2Fcomments&post=1440"}],"version-history":[{"count":5,"href":"https:\/\/dukanette.fr\/index.php?rest_route=\/wp\/v2\/posts\/1440\/revisions"}],"predecessor-version":[{"id":5868,"href":"https:\/\/dukanette.fr\/index.php?rest_route=\/wp\/v2\/posts\/1440\/revisions\/5868"}],"wp:featuredmedia":[{"embeddable":true,"href":"https:\/\/dukanette.fr\/index.php?rest_route=\/wp\/v2\/media\/3570"}],"wp:attachment":[{"href":"https:\/\/dukanette.fr\/index.php?rest_route=%2Fwp%2Fv2%2Fmedia&parent=1440"}],"wp:term":[{"taxonomy":"category","embeddable":true,"href":"https:\/\/dukanette.fr\/index.php?rest_route=%2Fwp%2Fv2%2Fcategories&post=1440"},{"taxonomy":"post_tag","embeddable":true,"href":"https:\/\/dukanette.fr\/index.php?rest_route=%2Fwp%2Fv2%2Ftags&post=1440"}],"curies":[{"name":"wp","href":"https:\/\/api.w.org\/{rel}","templated":true}]}}