{"id":1978,"date":"2017-08-12T15:22:41","date_gmt":"2017-08-12T13:22:41","guid":{"rendered":"http:\/\/ptitedukanette.fr\/?p=1978"},"modified":"2017-09-17T20:28:45","modified_gmt":"2017-09-17T18:28:45","slug":"tartelette-au-chocolat","status":"publish","type":"post","link":"https:\/\/dukanette.fr\/?p=1978","title":{"rendered":"Tartelette au chocolat"},"content":{"rendered":"<p style=\"text-align: center;\">\n<ul id=\"ingredient\">\n<li><b>2 fonds de tartelettes\u00a0:<\/b><\/li>\n<li>2 cs de\u00a0son d&rsquo;avoine\u00a0finement mix\u00e9<\/li>\n<li>1 cs de\u00a0son de bl\u00e9\u00a0finement mix\u00e9<\/li>\n<li>1 jaune d&rsquo;oeuf<\/li>\n<li>Ar\u00f4me\u00a0amande am\u00e8re<\/li>\n<li>2 cs d&rsquo;\u00e9dulcorant\u00a0en poudre<\/li>\n<li><b>Cr\u00e8me au chocolat<\/b><\/li>\n<li>500ml de\u00a0lait \u00e9cr\u00e9m\u00e9<\/li>\n<li>1\u00a0oeufs<\/li>\n<li>2 cs de\u00a0Ma\u00efzena<\/li>\n<li>Un stick de vanille Canderel<\/li>\n<li>2 cs d&rsquo;\u00e9dulcorant\u00a0en poudre<\/li>\n<li>2 cs de\u00a0cacao d\u00e9graiss\u00e9 non sucr\u00e9<\/li>\n<li>1\/4 cc d&rsquo;agar-agar<\/li>\n<li><\/li>\n<li>Pour les fonds\u00a0:Tout m\u00e9langer du bout de vos doigts jusqu&rsquo;\u00e0 obtenir une p\u00e2te homog\u00e8ne.\n<p>Surtout ne rien ajouter m\u00eame si vous pensez que le jaune d&rsquo;oeuf ne sera pas assez pour tout allier. H\u00e9 bien si continuez \u00e0 bien malaxer et vous obtiendrez une belle boule.<\/p>\n<p>Au pire mouillez le bout de vos doigts dans le blanc mais vraiment au pire.<\/p>\n<p>Pour aplatir cette belle boule, vous prendrez un papier sulfuris\u00e9 et une cc de ma\u00efzena. Saupoudrez votre boule et aplatissez tout doucement. Prendre un moule \u00e0 tartelette et d\u00e9coupez vos formes. Moulez sur votre moule et mettre au four 15 min \u00e0 200\u00b0C.<\/p>\n<p>&nbsp;<\/p>\n<p>La cr\u00e8me.<\/p>\n<p>Prendre un bol avec votre batteur ou votre mixeur.<\/p>\n<p>Si vous faites version mixeur, vous mettez tout et vous mixez jusqu&rsquo;\u00e0 obtenir une mixture lisse et sans grumeau.<\/p>\n<p>Si vous faites version batteur, alors on y va par \u00e9tape. Dans un saladier mettre les oeufs et la ma\u00efzena. Battre jusqu&rsquo;\u00e0 qu&rsquo;il n&rsquo;y ait plus de grumeau. Une fois la p\u00e2te lisse obtenue, ajouter le reste des ingr\u00e9dients en battant doucement.<\/p>\n<p>Une fois que vous avez tout m\u00e9lang\u00e9, que ce soit au mixeur ou au batteur maintenant on proc\u00e8de de la m\u00eame fa\u00e7on.<\/p>\n<p>Prendre une casserole et y verser l&rsquo;appareil obtenu. Mettre sur feu moyen et remuer \u00e0 l&rsquo;aide d&rsquo;une spatule. Il faut remuer sans cesse en raclant bien le fond. Petit \u00e0 petit (au bout de 5-10min) vous verrez que votre appareil s&rsquo;\u00e9paissit et s&rsquo;alourdit. Le retirer et en garnir vos fonds de tartelettes pr\u00e9cuits au four au pr\u00e9alable. C&rsquo;est la cuisson traditionnelle de la cr\u00e8me p\u00e2tissi\u00e8re en fait.<\/p>\n<p>Enfourner encore 10 min \u00e0 200\u00b0C ou pas. C&rsquo;est comme on le souhaite.<\/p>\n<p>Voici une autre recette de fond de tarte<\/li>\n<li><\/li>\n<li><b>Pate sabl\u00e9e:<\/b><\/li>\n<li>40g de\u00a0Ma\u00efzena<\/li>\n<li>1 cs d&rsquo;\u00e9dulcorant<\/li>\n<li>1 cc de\u00a0gluten de bl\u00e9\u00a0ou de\u00a0farine compl\u00e8te\u00a0(conso)<\/li>\n<li>1 jaune d&rsquo;oeuf<\/li>\n<li>1 cc d&rsquo;huile<\/li>\n<li>1 blanc d&rsquo;oeuf\u00a0(tout ne sera pas utilis\u00e9!)<\/li>\n<li>Pr\u00e9chauffer le four \u00e0 150\u00b0C chaleur tournante.M\u00e9langer la Ma\u00efzena, le gluten, l&rsquo;\u00e9dulcorant et le jaune.\n<p>Sabler avec les mains et ajouter l&rsquo;huile.<\/p>\n<p>Ajouter du blanc d&rsquo;oeuf progressivement en pressant la p\u00e2te entre vos doigts pour former une boule (selon la taille du jaune, vous aurez besoin de plus ou moins de blanc)<\/p>\n<p>Etaler et d\u00e9couper \u00e0 l&rsquo;aide du moule \u00e0 tartelette.<\/p>\n<p>Foncer les moules et piquer \u00e0 l&rsquo;aide d&rsquo;une fourchette.<\/p>\n<p>Enfourner pour 7 \u00e0 8 minutes.<\/p>\n<p>Sortir du four, attendre quelques minutes avant de toucher (sinon ils cassent)<\/li>\n<li><\/li>\n<li><\/li>\n<\/ul>\n","protected":false},"excerpt":{"rendered":"<p>2 fonds de tartelettes\u00a0: 2 cs de\u00a0son d&rsquo;avoine\u00a0finement mix\u00e9 1 cs de\u00a0son de bl\u00e9\u00a0finement mix\u00e9 1 jaune d&rsquo;oeuf Ar\u00f4me\u00a0amande am\u00e8re 2 cs d&rsquo;\u00e9dulcorant\u00a0en poudre Cr\u00e8me au chocolat 500ml de\u00a0lait \u00e9cr\u00e9m\u00e9&hellip;<\/p>\n","protected":false},"author":1,"featured_media":1979,"comment_status":"open","ping_status":"closed","sticky":false,"template":"","format":"standard","meta":{"wprm-recipe-roundup-name":"","wprm-recipe-roundup-description":"","_jetpack_memberships_contains_paid_content":false,"footnotes":""},"categories":[2,4],"tags":[12],"class_list":["post-1978","post","type-post","status-publish","format-standard","has-post-thumbnail","hentry","category-recette","category-sucre","tag-croisiere"],"yoast_head":"<!-- This site is optimized with the Yoast SEO plugin v27.2 - https:\/\/yoast.com\/product\/yoast-seo-wordpress\/ -->\n<title>Tartelette au chocolat - Se faire plaisir<\/title>\n<meta name=\"robots\" content=\"index, follow, max-snippet:-1, max-image-preview:large, max-video-preview:-1\" \/>\n<link rel=\"canonical\" href=\"https:\/\/dukanette.fr\/?p=1978\" \/>\n<meta property=\"og:locale\" content=\"fr_FR\" \/>\n<meta property=\"og:type\" content=\"article\" \/>\n<meta property=\"og:title\" content=\"Tartelette au chocolat - Se faire plaisir\" \/>\n<meta property=\"og:description\" content=\"2 fonds de tartelettes\u00a0: 2 cs de\u00a0son d&rsquo;avoine\u00a0finement mix\u00e9 1 cs de\u00a0son de bl\u00e9\u00a0finement mix\u00e9 1 jaune d&rsquo;oeuf Ar\u00f4me\u00a0amande am\u00e8re 2 cs d&rsquo;\u00e9dulcorant\u00a0en poudre Cr\u00e8me au chocolat 500ml de\u00a0lait \u00e9cr\u00e9m\u00e9&hellip;\" \/>\n<meta property=\"og:url\" content=\"https:\/\/dukanette.fr\/?p=1978\" \/>\n<meta property=\"og:site_name\" content=\"Se faire plaisir\" \/>\n<meta property=\"article:publisher\" content=\"https:\/\/www.facebook.com\/ptitedukanette\" \/>\n<meta property=\"article:published_time\" content=\"2017-08-12T13:22:41+00:00\" \/>\n<meta property=\"article:modified_time\" content=\"2017-09-17T18:28:45+00:00\" \/>\n<meta property=\"og:image\" content=\"https:\/\/dukanette.fr\/wp-content\/uploads\/2017\/08\/IMG_2543.jpg\" \/>\n\t<meta property=\"og:image:width\" content=\"3264\" \/>\n\t<meta property=\"og:image:height\" content=\"2448\" \/>\n\t<meta property=\"og:image:type\" content=\"image\/jpeg\" \/>\n<meta name=\"author\" content=\"Nathalie\" \/>\n<meta name=\"twitter:card\" content=\"summary_large_image\" \/>\n<meta name=\"twitter:label1\" content=\"\u00c9crit par\" \/>\n\t<meta name=\"twitter:data1\" content=\"Nathalie\" \/>\n\t<meta name=\"twitter:label2\" content=\"Dur\u00e9e de lecture estim\u00e9e\" \/>\n\t<meta name=\"twitter:data2\" content=\"2 minutes\" \/>\n<script type=\"application\/ld+json\" class=\"yoast-schema-graph\">{\"@context\":\"https:\/\/schema.org\",\"@graph\":[{\"@type\":\"Article\",\"@id\":\"https:\/\/dukanette.fr\/?p=1978#article\",\"isPartOf\":{\"@id\":\"https:\/\/dukanette.fr\/?p=1978\"},\"author\":{\"name\":\"Nathalie\",\"@id\":\"https:\/\/dukanette.fr\/#\/schema\/person\/29a18a2e65b28473696b7464a7b4616f\"},\"headline\":\"Tartelette au chocolat\",\"datePublished\":\"2017-08-12T13:22:41+00:00\",\"dateModified\":\"2017-09-17T18:28:45+00:00\",\"mainEntityOfPage\":{\"@id\":\"https:\/\/dukanette.fr\/?p=1978\"},\"wordCount\":505,\"commentCount\":0,\"image\":{\"@id\":\"https:\/\/dukanette.fr\/?p=1978#primaryimage\"},\"thumbnailUrl\":\"https:\/\/dukanette.fr\/wp-content\/uploads\/2017\/08\/IMG_2543.jpg\",\"keywords\":[\"croisi\u00e8re\"],\"articleSection\":[\"Recette\",\"Sucr\u00e9\"],\"inLanguage\":\"fr-FR\",\"potentialAction\":[{\"@type\":\"CommentAction\",\"name\":\"Comment\",\"target\":[\"https:\/\/dukanette.fr\/?p=1978#respond\"]}]},{\"@type\":\"WebPage\",\"@id\":\"https:\/\/dukanette.fr\/?p=1978\",\"url\":\"https:\/\/dukanette.fr\/?p=1978\",\"name\":\"Tartelette au chocolat - Se faire plaisir\",\"isPartOf\":{\"@id\":\"https:\/\/dukanette.fr\/#website\"},\"primaryImageOfPage\":{\"@id\":\"https:\/\/dukanette.fr\/?p=1978#primaryimage\"},\"image\":{\"@id\":\"https:\/\/dukanette.fr\/?p=1978#primaryimage\"},\"thumbnailUrl\":\"https:\/\/dukanette.fr\/wp-content\/uploads\/2017\/08\/IMG_2543.jpg\",\"datePublished\":\"2017-08-12T13:22:41+00:00\",\"dateModified\":\"2017-09-17T18:28:45+00:00\",\"author\":{\"@id\":\"https:\/\/dukanette.fr\/#\/schema\/person\/29a18a2e65b28473696b7464a7b4616f\"},\"breadcrumb\":{\"@id\":\"https:\/\/dukanette.fr\/?p=1978#breadcrumb\"},\"inLanguage\":\"fr-FR\",\"potentialAction\":[{\"@type\":\"ReadAction\",\"target\":[\"https:\/\/dukanette.fr\/?p=1978\"]}]},{\"@type\":\"ImageObject\",\"inLanguage\":\"fr-FR\",\"@id\":\"https:\/\/dukanette.fr\/?p=1978#primaryimage\",\"url\":\"https:\/\/dukanette.fr\/wp-content\/uploads\/2017\/08\/IMG_2543.jpg\",\"contentUrl\":\"https:\/\/dukanette.fr\/wp-content\/uploads\/2017\/08\/IMG_2543.jpg\",\"width\":3264,\"height\":2448},{\"@type\":\"BreadcrumbList\",\"@id\":\"https:\/\/dukanette.fr\/?p=1978#breadcrumb\",\"itemListElement\":[{\"@type\":\"ListItem\",\"position\":1,\"name\":\"Accueil\",\"item\":\"https:\/\/dukanette.fr\/\"},{\"@type\":\"ListItem\",\"position\":2,\"name\":\"Tartelette au chocolat\"}]},{\"@type\":\"WebSite\",\"@id\":\"https:\/\/dukanette.fr\/#website\",\"url\":\"https:\/\/dukanette.fr\/\",\"name\":\"Maigrir en se faisant plaisir\",\"description\":\"Blog dukan de choupette\",\"potentialAction\":[{\"@type\":\"SearchAction\",\"target\":{\"@type\":\"EntryPoint\",\"urlTemplate\":\"https:\/\/dukanette.fr\/?s={search_term_string}\"},\"query-input\":{\"@type\":\"PropertyValueSpecification\",\"valueRequired\":true,\"valueName\":\"search_term_string\"}}],\"inLanguage\":\"fr-FR\"},{\"@type\":\"Person\",\"@id\":\"https:\/\/dukanette.fr\/#\/schema\/person\/29a18a2e65b28473696b7464a7b4616f\",\"name\":\"Nathalie\",\"image\":{\"@type\":\"ImageObject\",\"inLanguage\":\"fr-FR\",\"@id\":\"https:\/\/secure.gravatar.com\/avatar\/ee01839dc6049b7f398e764314b56d1f3d458829a172b8717953e96bf997a099?s=96&d=mm&r=g\",\"url\":\"https:\/\/secure.gravatar.com\/avatar\/ee01839dc6049b7f398e764314b56d1f3d458829a172b8717953e96bf997a099?s=96&d=mm&r=g\",\"contentUrl\":\"https:\/\/secure.gravatar.com\/avatar\/ee01839dc6049b7f398e764314b56d1f3d458829a172b8717953e96bf997a099?s=96&d=mm&r=g\",\"caption\":\"Nathalie\"},\"url\":\"https:\/\/dukanette.fr\/?author=1\"}]}<\/script>\n<!-- \/ Yoast SEO plugin. -->","yoast_head_json":{"title":"Tartelette au chocolat - Se faire plaisir","robots":{"index":"index","follow":"follow","max-snippet":"max-snippet:-1","max-image-preview":"max-image-preview:large","max-video-preview":"max-video-preview:-1"},"canonical":"https:\/\/dukanette.fr\/?p=1978","og_locale":"fr_FR","og_type":"article","og_title":"Tartelette au chocolat - Se faire plaisir","og_description":"2 fonds de tartelettes\u00a0: 2 cs de\u00a0son d&rsquo;avoine\u00a0finement mix\u00e9 1 cs de\u00a0son de bl\u00e9\u00a0finement mix\u00e9 1 jaune d&rsquo;oeuf Ar\u00f4me\u00a0amande am\u00e8re 2 cs d&rsquo;\u00e9dulcorant\u00a0en poudre Cr\u00e8me au chocolat 500ml de\u00a0lait \u00e9cr\u00e9m\u00e9&hellip;","og_url":"https:\/\/dukanette.fr\/?p=1978","og_site_name":"Se faire plaisir","article_publisher":"https:\/\/www.facebook.com\/ptitedukanette","article_published_time":"2017-08-12T13:22:41+00:00","article_modified_time":"2017-09-17T18:28:45+00:00","og_image":[{"width":3264,"height":2448,"url":"https:\/\/dukanette.fr\/wp-content\/uploads\/2017\/08\/IMG_2543.jpg","type":"image\/jpeg"}],"author":"Nathalie","twitter_card":"summary_large_image","twitter_misc":{"\u00c9crit par":"Nathalie","Dur\u00e9e de lecture estim\u00e9e":"2 minutes"},"schema":{"@context":"https:\/\/schema.org","@graph":[{"@type":"Article","@id":"https:\/\/dukanette.fr\/?p=1978#article","isPartOf":{"@id":"https:\/\/dukanette.fr\/?p=1978"},"author":{"name":"Nathalie","@id":"https:\/\/dukanette.fr\/#\/schema\/person\/29a18a2e65b28473696b7464a7b4616f"},"headline":"Tartelette au chocolat","datePublished":"2017-08-12T13:22:41+00:00","dateModified":"2017-09-17T18:28:45+00:00","mainEntityOfPage":{"@id":"https:\/\/dukanette.fr\/?p=1978"},"wordCount":505,"commentCount":0,"image":{"@id":"https:\/\/dukanette.fr\/?p=1978#primaryimage"},"thumbnailUrl":"https:\/\/dukanette.fr\/wp-content\/uploads\/2017\/08\/IMG_2543.jpg","keywords":["croisi\u00e8re"],"articleSection":["Recette","Sucr\u00e9"],"inLanguage":"fr-FR","potentialAction":[{"@type":"CommentAction","name":"Comment","target":["https:\/\/dukanette.fr\/?p=1978#respond"]}]},{"@type":"WebPage","@id":"https:\/\/dukanette.fr\/?p=1978","url":"https:\/\/dukanette.fr\/?p=1978","name":"Tartelette au chocolat - Se faire plaisir","isPartOf":{"@id":"https:\/\/dukanette.fr\/#website"},"primaryImageOfPage":{"@id":"https:\/\/dukanette.fr\/?p=1978#primaryimage"},"image":{"@id":"https:\/\/dukanette.fr\/?p=1978#primaryimage"},"thumbnailUrl":"https:\/\/dukanette.fr\/wp-content\/uploads\/2017\/08\/IMG_2543.jpg","datePublished":"2017-08-12T13:22:41+00:00","dateModified":"2017-09-17T18:28:45+00:00","author":{"@id":"https:\/\/dukanette.fr\/#\/schema\/person\/29a18a2e65b28473696b7464a7b4616f"},"breadcrumb":{"@id":"https:\/\/dukanette.fr\/?p=1978#breadcrumb"},"inLanguage":"fr-FR","potentialAction":[{"@type":"ReadAction","target":["https:\/\/dukanette.fr\/?p=1978"]}]},{"@type":"ImageObject","inLanguage":"fr-FR","@id":"https:\/\/dukanette.fr\/?p=1978#primaryimage","url":"https:\/\/dukanette.fr\/wp-content\/uploads\/2017\/08\/IMG_2543.jpg","contentUrl":"https:\/\/dukanette.fr\/wp-content\/uploads\/2017\/08\/IMG_2543.jpg","width":3264,"height":2448},{"@type":"BreadcrumbList","@id":"https:\/\/dukanette.fr\/?p=1978#breadcrumb","itemListElement":[{"@type":"ListItem","position":1,"name":"Accueil","item":"https:\/\/dukanette.fr\/"},{"@type":"ListItem","position":2,"name":"Tartelette au chocolat"}]},{"@type":"WebSite","@id":"https:\/\/dukanette.fr\/#website","url":"https:\/\/dukanette.fr\/","name":"Maigrir en se faisant plaisir","description":"Blog dukan de choupette","potentialAction":[{"@type":"SearchAction","target":{"@type":"EntryPoint","urlTemplate":"https:\/\/dukanette.fr\/?s={search_term_string}"},"query-input":{"@type":"PropertyValueSpecification","valueRequired":true,"valueName":"search_term_string"}}],"inLanguage":"fr-FR"},{"@type":"Person","@id":"https:\/\/dukanette.fr\/#\/schema\/person\/29a18a2e65b28473696b7464a7b4616f","name":"Nathalie","image":{"@type":"ImageObject","inLanguage":"fr-FR","@id":"https:\/\/secure.gravatar.com\/avatar\/ee01839dc6049b7f398e764314b56d1f3d458829a172b8717953e96bf997a099?s=96&d=mm&r=g","url":"https:\/\/secure.gravatar.com\/avatar\/ee01839dc6049b7f398e764314b56d1f3d458829a172b8717953e96bf997a099?s=96&d=mm&r=g","contentUrl":"https:\/\/secure.gravatar.com\/avatar\/ee01839dc6049b7f398e764314b56d1f3d458829a172b8717953e96bf997a099?s=96&d=mm&r=g","caption":"Nathalie"},"url":"https:\/\/dukanette.fr\/?author=1"}]}},"jetpack_featured_media_url":"https:\/\/dukanette.fr\/wp-content\/uploads\/2017\/08\/IMG_2543.jpg","jetpack_sharing_enabled":true,"_links":{"self":[{"href":"https:\/\/dukanette.fr\/index.php?rest_route=\/wp\/v2\/posts\/1978","targetHints":{"allow":["GET"]}}],"collection":[{"href":"https:\/\/dukanette.fr\/index.php?rest_route=\/wp\/v2\/posts"}],"about":[{"href":"https:\/\/dukanette.fr\/index.php?rest_route=\/wp\/v2\/types\/post"}],"author":[{"embeddable":true,"href":"https:\/\/dukanette.fr\/index.php?rest_route=\/wp\/v2\/users\/1"}],"replies":[{"embeddable":true,"href":"https:\/\/dukanette.fr\/index.php?rest_route=%2Fwp%2Fv2%2Fcomments&post=1978"}],"version-history":[{"count":2,"href":"https:\/\/dukanette.fr\/index.php?rest_route=\/wp\/v2\/posts\/1978\/revisions"}],"predecessor-version":[{"id":2229,"href":"https:\/\/dukanette.fr\/index.php?rest_route=\/wp\/v2\/posts\/1978\/revisions\/2229"}],"wp:featuredmedia":[{"embeddable":true,"href":"https:\/\/dukanette.fr\/index.php?rest_route=\/wp\/v2\/media\/1979"}],"wp:attachment":[{"href":"https:\/\/dukanette.fr\/index.php?rest_route=%2Fwp%2Fv2%2Fmedia&parent=1978"}],"wp:term":[{"taxonomy":"category","embeddable":true,"href":"https:\/\/dukanette.fr\/index.php?rest_route=%2Fwp%2Fv2%2Fcategories&post=1978"},{"taxonomy":"post_tag","embeddable":true,"href":"https:\/\/dukanette.fr\/index.php?rest_route=%2Fwp%2Fv2%2Ftags&post=1978"}],"curies":[{"name":"wp","href":"https:\/\/api.w.org\/{rel}","templated":true}]}}