{"id":2548,"date":"2017-10-17T22:33:56","date_gmt":"2017-10-17T20:33:56","guid":{"rendered":"http:\/\/ptitedukanette.fr\/?p=2548"},"modified":"2020-06-28T14:20:52","modified_gmt":"2020-06-28T12:20:52","slug":"tarte-au-fromage-ou-baies-de-goji","status":"publish","type":"post","link":"https:\/\/dukanette.fr\/?p=2548","title":{"rendered":"Tarte au fromage (  ou baies de Goji) ou fraises framboises"},"content":{"rendered":"<div class=\"separator\" style=\"text-align: center;\">&#8211; 1 pot de fromage \u00e0 tartiner 0% MG( St Moret ou autres)<\/div>\n<div class=\"separator\" style=\"text-align: center;\">&#8211; 200 gr.\u00a0de fromage frais battu 0% MG<\/div>\n<div class=\"separator\" style=\"text-align: center;\">&#8211; 1 \u0153uf entier et 2 blancs d&rsquo;\u0153ufs<\/div>\n<div class=\"separator\" style=\"text-align: center;\">&#8211; 1 cc de saveur vanille<\/div>\n<div class=\"separator\" style=\"text-align: center;\">&#8211; \u00e9dulcorant liquide au go\u00fbt<\/div>\n<div class=\"separator\" style=\"text-align: center;\">&#8211; 1 CS de gluten de bl\u00e9<\/div>\n<div class=\"separator\" style=\"text-align: center;\">&#8211; 1 CS de lait \u00e9cr\u00e9m\u00e9 en poudre<\/div>\n<div class=\"separator\" style=\"text-align: center;\">&#8211; 1 cc de levure<\/div>\n<div class=\"separator\" style=\"text-align: center;\">&#8211; 100g de fraises ou framboises ou groseilles sinon baie de Goji<\/div>\n<div><\/div>\n<div><\/div>\n<div><\/div>\n<div><\/div>\n<div>\n<div class=\"separator\">\u00a0Pr\u00e9chauffez le four \u00e0 180\u00ba<\/div>\n<div><\/div>\n<div><\/div>\n<div class=\"separator\">&#8211; Mettre dans un bol les deux types de fromage, d&rsquo;\u0153ufs, de blancs d&rsquo;oeufs, d&rsquo;ar\u00f4mes et d&rsquo;\u00e9dulcorants et bien m\u00e9langer<\/div>\n<div><\/div>\n<div class=\"separator\">&#8211; Ajouter le gluten, le lait en poudre et la levure et remuer jusqu&rsquo;\u00e0 ce que le grumeau<\/div>\n<div><\/div>\n<div class=\"separator\">&#8211; Ajouter les fruits, bien m\u00e9langer, verser le m\u00e9lange dans un moule en silicone et cuire environ 40 minutes, \u00e0 surveiller .<\/div>\n<div><\/div>\n<\/div>\n","protected":false},"excerpt":{"rendered":"<p>&#8211; 1 pot de fromage \u00e0 tartiner 0% MG( St Moret ou autres) &#8211; 200 gr.\u00a0de fromage frais battu 0% MG &#8211; 1 \u0153uf entier et 2 blancs d&rsquo;\u0153ufs &#8211;&hellip;<\/p>\n","protected":false},"author":1,"featured_media":2549,"comment_status":"closed","ping_status":"closed","sticky":false,"template":"","format":"standard","meta":{"wprm-recipe-roundup-name":"","wprm-recipe-roundup-description":"","_jetpack_memberships_contains_paid_content":false,"footnotes":""},"categories":[2,4],"tags":[12],"class_list":["post-2548","post","type-post","status-publish","format-standard","has-post-thumbnail","hentry","category-recette","category-sucre","tag-croisiere"],"yoast_head":"<!-- This site is optimized with the Yoast SEO plugin v27.2 - https:\/\/yoast.com\/product\/yoast-seo-wordpress\/ -->\n<title>Tarte au fromage ( ou baies de Goji) ou fraises framboises - Se faire plaisir<\/title>\n<meta name=\"robots\" content=\"index, follow, max-snippet:-1, max-image-preview:large, max-video-preview:-1\" \/>\n<link rel=\"canonical\" href=\"https:\/\/dukanette.fr\/?p=2548\" \/>\n<meta property=\"og:locale\" content=\"fr_FR\" \/>\n<meta property=\"og:type\" content=\"article\" \/>\n<meta property=\"og:title\" content=\"Tarte au fromage ( ou baies de Goji) ou fraises framboises - Se faire plaisir\" \/>\n<meta property=\"og:description\" content=\"&#8211; 1 pot de fromage \u00e0 tartiner 0% MG( St Moret ou autres) &#8211; 200 gr.\u00a0de fromage frais battu 0% MG &#8211; 1 \u0153uf entier et 2 blancs d&rsquo;\u0153ufs &#8211;&hellip;\" \/>\n<meta property=\"og:url\" content=\"https:\/\/dukanette.fr\/?p=2548\" \/>\n<meta property=\"og:site_name\" content=\"Se faire plaisir\" \/>\n<meta property=\"article:publisher\" content=\"https:\/\/www.facebook.com\/ptitedukanette\" \/>\n<meta property=\"article:published_time\" content=\"2017-10-17T20:33:56+00:00\" \/>\n<meta property=\"article:modified_time\" content=\"2020-06-28T12:20:52+00:00\" \/>\n<meta property=\"og:image\" content=\"https:\/\/dukanette.fr\/wp-content\/uploads\/2017\/10\/tarta-de-queso-y-moras-dukan.png\" \/>\n\t<meta property=\"og:image:width\" content=\"280\" \/>\n\t<meta property=\"og:image:height\" content=\"187\" \/>\n\t<meta property=\"og:image:type\" content=\"image\/png\" \/>\n<meta name=\"author\" content=\"Nathalie\" \/>\n<meta name=\"twitter:card\" content=\"summary_large_image\" \/>\n<meta name=\"twitter:label1\" content=\"\u00c9crit par\" \/>\n\t<meta name=\"twitter:data1\" content=\"Nathalie\" \/>\n\t<meta name=\"twitter:label2\" content=\"Dur\u00e9e de lecture estim\u00e9e\" \/>\n\t<meta name=\"twitter:data2\" content=\"1 minute\" \/>\n<script type=\"application\/ld+json\" class=\"yoast-schema-graph\">{\"@context\":\"https:\/\/schema.org\",\"@graph\":[{\"@type\":\"Article\",\"@id\":\"https:\/\/dukanette.fr\/?p=2548#article\",\"isPartOf\":{\"@id\":\"https:\/\/dukanette.fr\/?p=2548\"},\"author\":{\"name\":\"Nathalie\",\"@id\":\"https:\/\/dukanette.fr\/#\/schema\/person\/29a18a2e65b28473696b7464a7b4616f\"},\"headline\":\"Tarte au fromage ( ou baies de Goji) ou fraises framboises\",\"datePublished\":\"2017-10-17T20:33:56+00:00\",\"dateModified\":\"2020-06-28T12:20:52+00:00\",\"mainEntityOfPage\":{\"@id\":\"https:\/\/dukanette.fr\/?p=2548\"},\"wordCount\":144,\"image\":{\"@id\":\"https:\/\/dukanette.fr\/?p=2548#primaryimage\"},\"thumbnailUrl\":\"https:\/\/dukanette.fr\/wp-content\/uploads\/2017\/10\/tarta-de-queso-y-moras-dukan.png\",\"keywords\":[\"croisi\u00e8re\"],\"articleSection\":[\"Recette\",\"Sucr\u00e9\"],\"inLanguage\":\"fr-FR\"},{\"@type\":\"WebPage\",\"@id\":\"https:\/\/dukanette.fr\/?p=2548\",\"url\":\"https:\/\/dukanette.fr\/?p=2548\",\"name\":\"Tarte au fromage ( ou baies de Goji) ou fraises framboises - Se faire plaisir\",\"isPartOf\":{\"@id\":\"https:\/\/dukanette.fr\/#website\"},\"primaryImageOfPage\":{\"@id\":\"https:\/\/dukanette.fr\/?p=2548#primaryimage\"},\"image\":{\"@id\":\"https:\/\/dukanette.fr\/?p=2548#primaryimage\"},\"thumbnailUrl\":\"https:\/\/dukanette.fr\/wp-content\/uploads\/2017\/10\/tarta-de-queso-y-moras-dukan.png\",\"datePublished\":\"2017-10-17T20:33:56+00:00\",\"dateModified\":\"2020-06-28T12:20:52+00:00\",\"author\":{\"@id\":\"https:\/\/dukanette.fr\/#\/schema\/person\/29a18a2e65b28473696b7464a7b4616f\"},\"breadcrumb\":{\"@id\":\"https:\/\/dukanette.fr\/?p=2548#breadcrumb\"},\"inLanguage\":\"fr-FR\",\"potentialAction\":[{\"@type\":\"ReadAction\",\"target\":[\"https:\/\/dukanette.fr\/?p=2548\"]}]},{\"@type\":\"ImageObject\",\"inLanguage\":\"fr-FR\",\"@id\":\"https:\/\/dukanette.fr\/?p=2548#primaryimage\",\"url\":\"https:\/\/dukanette.fr\/wp-content\/uploads\/2017\/10\/tarta-de-queso-y-moras-dukan.png\",\"contentUrl\":\"https:\/\/dukanette.fr\/wp-content\/uploads\/2017\/10\/tarta-de-queso-y-moras-dukan.png\",\"width\":280,\"height\":187},{\"@type\":\"BreadcrumbList\",\"@id\":\"https:\/\/dukanette.fr\/?p=2548#breadcrumb\",\"itemListElement\":[{\"@type\":\"ListItem\",\"position\":1,\"name\":\"Accueil\",\"item\":\"https:\/\/dukanette.fr\/\"},{\"@type\":\"ListItem\",\"position\":2,\"name\":\"Tarte au fromage ( ou baies de Goji) ou fraises framboises\"}]},{\"@type\":\"WebSite\",\"@id\":\"https:\/\/dukanette.fr\/#website\",\"url\":\"https:\/\/dukanette.fr\/\",\"name\":\"Maigrir en se faisant plaisir\",\"description\":\"Blog dukan de choupette\",\"potentialAction\":[{\"@type\":\"SearchAction\",\"target\":{\"@type\":\"EntryPoint\",\"urlTemplate\":\"https:\/\/dukanette.fr\/?s={search_term_string}\"},\"query-input\":{\"@type\":\"PropertyValueSpecification\",\"valueRequired\":true,\"valueName\":\"search_term_string\"}}],\"inLanguage\":\"fr-FR\"},{\"@type\":\"Person\",\"@id\":\"https:\/\/dukanette.fr\/#\/schema\/person\/29a18a2e65b28473696b7464a7b4616f\",\"name\":\"Nathalie\",\"image\":{\"@type\":\"ImageObject\",\"inLanguage\":\"fr-FR\",\"@id\":\"https:\/\/secure.gravatar.com\/avatar\/ee01839dc6049b7f398e764314b56d1f3d458829a172b8717953e96bf997a099?s=96&d=mm&r=g\",\"url\":\"https:\/\/secure.gravatar.com\/avatar\/ee01839dc6049b7f398e764314b56d1f3d458829a172b8717953e96bf997a099?s=96&d=mm&r=g\",\"contentUrl\":\"https:\/\/secure.gravatar.com\/avatar\/ee01839dc6049b7f398e764314b56d1f3d458829a172b8717953e96bf997a099?s=96&d=mm&r=g\",\"caption\":\"Nathalie\"},\"url\":\"https:\/\/dukanette.fr\/?author=1\"}]}<\/script>\n<!-- \/ Yoast SEO plugin. -->","yoast_head_json":{"title":"Tarte au fromage ( ou baies de Goji) ou fraises framboises - Se faire plaisir","robots":{"index":"index","follow":"follow","max-snippet":"max-snippet:-1","max-image-preview":"max-image-preview:large","max-video-preview":"max-video-preview:-1"},"canonical":"https:\/\/dukanette.fr\/?p=2548","og_locale":"fr_FR","og_type":"article","og_title":"Tarte au fromage ( ou baies de Goji) ou fraises framboises - Se faire plaisir","og_description":"&#8211; 1 pot de fromage \u00e0 tartiner 0% MG( St Moret ou autres) &#8211; 200 gr.\u00a0de fromage frais battu 0% MG &#8211; 1 \u0153uf entier et 2 blancs d&rsquo;\u0153ufs &#8211;&hellip;","og_url":"https:\/\/dukanette.fr\/?p=2548","og_site_name":"Se faire plaisir","article_publisher":"https:\/\/www.facebook.com\/ptitedukanette","article_published_time":"2017-10-17T20:33:56+00:00","article_modified_time":"2020-06-28T12:20:52+00:00","og_image":[{"width":280,"height":187,"url":"https:\/\/dukanette.fr\/wp-content\/uploads\/2017\/10\/tarta-de-queso-y-moras-dukan.png","type":"image\/png"}],"author":"Nathalie","twitter_card":"summary_large_image","twitter_misc":{"\u00c9crit par":"Nathalie","Dur\u00e9e de lecture estim\u00e9e":"1 minute"},"schema":{"@context":"https:\/\/schema.org","@graph":[{"@type":"Article","@id":"https:\/\/dukanette.fr\/?p=2548#article","isPartOf":{"@id":"https:\/\/dukanette.fr\/?p=2548"},"author":{"name":"Nathalie","@id":"https:\/\/dukanette.fr\/#\/schema\/person\/29a18a2e65b28473696b7464a7b4616f"},"headline":"Tarte au fromage ( ou baies de Goji) ou fraises framboises","datePublished":"2017-10-17T20:33:56+00:00","dateModified":"2020-06-28T12:20:52+00:00","mainEntityOfPage":{"@id":"https:\/\/dukanette.fr\/?p=2548"},"wordCount":144,"image":{"@id":"https:\/\/dukanette.fr\/?p=2548#primaryimage"},"thumbnailUrl":"https:\/\/dukanette.fr\/wp-content\/uploads\/2017\/10\/tarta-de-queso-y-moras-dukan.png","keywords":["croisi\u00e8re"],"articleSection":["Recette","Sucr\u00e9"],"inLanguage":"fr-FR"},{"@type":"WebPage","@id":"https:\/\/dukanette.fr\/?p=2548","url":"https:\/\/dukanette.fr\/?p=2548","name":"Tarte au fromage ( ou baies de Goji) ou fraises framboises - Se faire plaisir","isPartOf":{"@id":"https:\/\/dukanette.fr\/#website"},"primaryImageOfPage":{"@id":"https:\/\/dukanette.fr\/?p=2548#primaryimage"},"image":{"@id":"https:\/\/dukanette.fr\/?p=2548#primaryimage"},"thumbnailUrl":"https:\/\/dukanette.fr\/wp-content\/uploads\/2017\/10\/tarta-de-queso-y-moras-dukan.png","datePublished":"2017-10-17T20:33:56+00:00","dateModified":"2020-06-28T12:20:52+00:00","author":{"@id":"https:\/\/dukanette.fr\/#\/schema\/person\/29a18a2e65b28473696b7464a7b4616f"},"breadcrumb":{"@id":"https:\/\/dukanette.fr\/?p=2548#breadcrumb"},"inLanguage":"fr-FR","potentialAction":[{"@type":"ReadAction","target":["https:\/\/dukanette.fr\/?p=2548"]}]},{"@type":"ImageObject","inLanguage":"fr-FR","@id":"https:\/\/dukanette.fr\/?p=2548#primaryimage","url":"https:\/\/dukanette.fr\/wp-content\/uploads\/2017\/10\/tarta-de-queso-y-moras-dukan.png","contentUrl":"https:\/\/dukanette.fr\/wp-content\/uploads\/2017\/10\/tarta-de-queso-y-moras-dukan.png","width":280,"height":187},{"@type":"BreadcrumbList","@id":"https:\/\/dukanette.fr\/?p=2548#breadcrumb","itemListElement":[{"@type":"ListItem","position":1,"name":"Accueil","item":"https:\/\/dukanette.fr\/"},{"@type":"ListItem","position":2,"name":"Tarte au fromage ( ou baies de Goji) ou fraises framboises"}]},{"@type":"WebSite","@id":"https:\/\/dukanette.fr\/#website","url":"https:\/\/dukanette.fr\/","name":"Maigrir en se faisant plaisir","description":"Blog dukan de choupette","potentialAction":[{"@type":"SearchAction","target":{"@type":"EntryPoint","urlTemplate":"https:\/\/dukanette.fr\/?s={search_term_string}"},"query-input":{"@type":"PropertyValueSpecification","valueRequired":true,"valueName":"search_term_string"}}],"inLanguage":"fr-FR"},{"@type":"Person","@id":"https:\/\/dukanette.fr\/#\/schema\/person\/29a18a2e65b28473696b7464a7b4616f","name":"Nathalie","image":{"@type":"ImageObject","inLanguage":"fr-FR","@id":"https:\/\/secure.gravatar.com\/avatar\/ee01839dc6049b7f398e764314b56d1f3d458829a172b8717953e96bf997a099?s=96&d=mm&r=g","url":"https:\/\/secure.gravatar.com\/avatar\/ee01839dc6049b7f398e764314b56d1f3d458829a172b8717953e96bf997a099?s=96&d=mm&r=g","contentUrl":"https:\/\/secure.gravatar.com\/avatar\/ee01839dc6049b7f398e764314b56d1f3d458829a172b8717953e96bf997a099?s=96&d=mm&r=g","caption":"Nathalie"},"url":"https:\/\/dukanette.fr\/?author=1"}]}},"jetpack_featured_media_url":"https:\/\/dukanette.fr\/wp-content\/uploads\/2017\/10\/tarta-de-queso-y-moras-dukan.png","jetpack_sharing_enabled":true,"_links":{"self":[{"href":"https:\/\/dukanette.fr\/index.php?rest_route=\/wp\/v2\/posts\/2548","targetHints":{"allow":["GET"]}}],"collection":[{"href":"https:\/\/dukanette.fr\/index.php?rest_route=\/wp\/v2\/posts"}],"about":[{"href":"https:\/\/dukanette.fr\/index.php?rest_route=\/wp\/v2\/types\/post"}],"author":[{"embeddable":true,"href":"https:\/\/dukanette.fr\/index.php?rest_route=\/wp\/v2\/users\/1"}],"replies":[{"embeddable":true,"href":"https:\/\/dukanette.fr\/index.php?rest_route=%2Fwp%2Fv2%2Fcomments&post=2548"}],"version-history":[{"count":6,"href":"https:\/\/dukanette.fr\/index.php?rest_route=\/wp\/v2\/posts\/2548\/revisions"}],"predecessor-version":[{"id":5829,"href":"https:\/\/dukanette.fr\/index.php?rest_route=\/wp\/v2\/posts\/2548\/revisions\/5829"}],"wp:featuredmedia":[{"embeddable":true,"href":"https:\/\/dukanette.fr\/index.php?rest_route=\/wp\/v2\/media\/2549"}],"wp:attachment":[{"href":"https:\/\/dukanette.fr\/index.php?rest_route=%2Fwp%2Fv2%2Fmedia&parent=2548"}],"wp:term":[{"taxonomy":"category","embeddable":true,"href":"https:\/\/dukanette.fr\/index.php?rest_route=%2Fwp%2Fv2%2Fcategories&post=2548"},{"taxonomy":"post_tag","embeddable":true,"href":"https:\/\/dukanette.fr\/index.php?rest_route=%2Fwp%2Fv2%2Ftags&post=2548"}],"curies":[{"name":"wp","href":"https:\/\/api.w.org\/{rel}","templated":true}]}}