{"id":2554,"date":"2017-10-17T22:49:36","date_gmt":"2017-10-17T20:49:36","guid":{"rendered":"http:\/\/ptitedukanette.fr\/?p=2554"},"modified":"2017-10-17T22:49:36","modified_gmt":"2017-10-17T20:49:36","slug":"gateau-dukan-au-fromage-blanc-et-a-lorange","status":"publish","type":"post","link":"https:\/\/dukanette.fr\/?p=2554","title":{"rendered":"G\u00e2teau   Dukan au fromage blanc et \u00e0 l&rsquo;orange"},"content":{"rendered":"<div class=\"separator\">&#8211; 3 blancs d&rsquo;oeufs<\/div>\n<div class=\"separator\">&#8211; \u00e9dulcorant en poudre adapt\u00e9 \u00e0 la cuisson (quantit\u00e9 \u00e0 go\u00fbter)<\/div>\n<div class=\"separator\">&#8211; 500 gr.\u00a0de caill\u00e9 0% MG (faisselle)<\/div>\n<div class=\"separator\">&#8211; 200 gr.\u00a0de fromage frais battu 0% MG<\/div>\n<div class=\"separator\">&#8211; zeste d&rsquo;orange sans la partie blanche (1 CS environ)<\/div>\n<div class=\"separator\">&#8211; \u00e9dulcorant liquide au go\u00fbt (orange )<\/div>\n<div class=\"separator\">&#8211; ar\u00f4me au go\u00fbt (facultatif)<\/div>\n<div class=\"separator\">&#8211; 6 feuilles de g\u00e9latine neutre<\/div>\n<div>M\u00fbres pour la d\u00e9co en conso<\/div>\n<div><\/div>\n<div>\n<div class=\"separator\">Pr\u00e9parer la base: ajouter les blancs d&rsquo;oeufs avec une pinc\u00e9e de sel, ajouter l&rsquo;\u00e9dulcorant en poudre, battre \u00e0 nouveau et \u00e9taler la p\u00e2te sur un moule amovible avec du papier au fond, cuire 10 minutes \u00e0 180\u00ba et laisser refroidir dans le four<\/div>\n<div class=\"separator\">&#8211; Hydratez la g\u00e9latine dans l&rsquo;eau, lorsque vous chauffez quelques secondes dans le micro-verre avec deux doigts d&rsquo;eau et la g\u00e9latine pour la d\u00e9faire<\/div>\n<div class=\"separator\">&#8211; M\u00e9langer dans un bol le fromage blanc, le fromage battu, le zeste d&rsquo;orange et l&rsquo;\u00e9dulcorant, ajouter la g\u00e9latine dissoute et m\u00e9langer avec le m\u00e9langeur<\/div>\n<div class=\"separator\">&#8211; Retirer la base du moule, retirer le papier et le remettre en place, verser la p\u00e2te dessus et laisser reposer quelques heures au r\u00e9frig\u00e9rateur<\/div>\n<\/div>\n","protected":false},"excerpt":{"rendered":"<p>&#8211; 3 blancs d&rsquo;oeufs &#8211; \u00e9dulcorant en poudre adapt\u00e9 \u00e0 la cuisson (quantit\u00e9 \u00e0 go\u00fbter) &#8211; 500 gr.\u00a0de caill\u00e9 0% MG (faisselle) &#8211; 200 gr.\u00a0de fromage frais battu 0% MG&hellip;<\/p>\n","protected":false},"author":1,"featured_media":2555,"comment_status":"closed","ping_status":"closed","sticky":false,"template":"","format":"standard","meta":{"wprm-recipe-roundup-name":"","wprm-recipe-roundup-description":"","_jetpack_memberships_contains_paid_content":false,"footnotes":""},"categories":[2,4],"tags":[16],"class_list":["post-2554","post","type-post","status-publish","format-standard","has-post-thumbnail","hentry","category-recette","category-sucre","tag-attaque"],"yoast_head":"<!-- This site is optimized with the Yoast SEO plugin v27.2 - https:\/\/yoast.com\/product\/yoast-seo-wordpress\/ -->\n<title>G\u00e2teau  Dukan au fromage blanc et \u00e0 l&#039;orange - Se faire plaisir<\/title>\n<meta name=\"robots\" content=\"index, follow, max-snippet:-1, max-image-preview:large, max-video-preview:-1\" \/>\n<link rel=\"canonical\" href=\"https:\/\/dukanette.fr\/?p=2554\" \/>\n<meta property=\"og:locale\" content=\"fr_FR\" \/>\n<meta property=\"og:type\" content=\"article\" \/>\n<meta property=\"og:title\" content=\"G\u00e2teau  Dukan au fromage blanc et \u00e0 l&#039;orange - Se faire plaisir\" \/>\n<meta property=\"og:description\" content=\"&#8211; 3 blancs d&rsquo;oeufs &#8211; \u00e9dulcorant en poudre adapt\u00e9 \u00e0 la cuisson (quantit\u00e9 \u00e0 go\u00fbter) &#8211; 500 gr.\u00a0de caill\u00e9 0% MG (faisselle) &#8211; 200 gr.\u00a0de fromage frais battu 0% MG&hellip;\" \/>\n<meta property=\"og:url\" content=\"https:\/\/dukanette.fr\/?p=2554\" \/>\n<meta property=\"og:site_name\" content=\"Se faire plaisir\" \/>\n<meta property=\"article:publisher\" content=\"https:\/\/www.facebook.com\/ptitedukanette\" \/>\n<meta property=\"article:published_time\" content=\"2017-10-17T20:49:36+00:00\" \/>\n<meta property=\"og:image\" content=\"https:\/\/dukanette.fr\/wp-content\/uploads\/2017\/10\/tarta-de-requeson-y-naranja-2-dukan.png\" \/>\n\t<meta property=\"og:image:width\" content=\"280\" \/>\n\t<meta property=\"og:image:height\" content=\"187\" \/>\n\t<meta property=\"og:image:type\" content=\"image\/png\" \/>\n<meta name=\"author\" content=\"Nathalie\" \/>\n<meta name=\"twitter:card\" content=\"summary_large_image\" \/>\n<meta name=\"twitter:label1\" content=\"\u00c9crit par\" \/>\n\t<meta name=\"twitter:data1\" content=\"Nathalie\" \/>\n\t<meta name=\"twitter:label2\" content=\"Dur\u00e9e de lecture estim\u00e9e\" \/>\n\t<meta name=\"twitter:data2\" content=\"1 minute\" \/>\n<script type=\"application\/ld+json\" class=\"yoast-schema-graph\">{\"@context\":\"https:\/\/schema.org\",\"@graph\":[{\"@type\":\"Article\",\"@id\":\"https:\/\/dukanette.fr\/?p=2554#article\",\"isPartOf\":{\"@id\":\"https:\/\/dukanette.fr\/?p=2554\"},\"author\":{\"name\":\"Nathalie\",\"@id\":\"https:\/\/dukanette.fr\/#\/schema\/person\/29a18a2e65b28473696b7464a7b4616f\"},\"headline\":\"G\u00e2teau Dukan au fromage blanc et \u00e0 l&rsquo;orange\",\"datePublished\":\"2017-10-17T20:49:36+00:00\",\"mainEntityOfPage\":{\"@id\":\"https:\/\/dukanette.fr\/?p=2554\"},\"wordCount\":206,\"image\":{\"@id\":\"https:\/\/dukanette.fr\/?p=2554#primaryimage\"},\"thumbnailUrl\":\"https:\/\/dukanette.fr\/wp-content\/uploads\/2017\/10\/tarta-de-requeson-y-naranja-2-dukan.png\",\"keywords\":[\"attaque\"],\"articleSection\":[\"Recette\",\"Sucr\u00e9\"],\"inLanguage\":\"fr-FR\"},{\"@type\":\"WebPage\",\"@id\":\"https:\/\/dukanette.fr\/?p=2554\",\"url\":\"https:\/\/dukanette.fr\/?p=2554\",\"name\":\"G\u00e2teau Dukan au fromage blanc et \u00e0 l'orange - Se faire plaisir\",\"isPartOf\":{\"@id\":\"https:\/\/dukanette.fr\/#website\"},\"primaryImageOfPage\":{\"@id\":\"https:\/\/dukanette.fr\/?p=2554#primaryimage\"},\"image\":{\"@id\":\"https:\/\/dukanette.fr\/?p=2554#primaryimage\"},\"thumbnailUrl\":\"https:\/\/dukanette.fr\/wp-content\/uploads\/2017\/10\/tarta-de-requeson-y-naranja-2-dukan.png\",\"datePublished\":\"2017-10-17T20:49:36+00:00\",\"author\":{\"@id\":\"https:\/\/dukanette.fr\/#\/schema\/person\/29a18a2e65b28473696b7464a7b4616f\"},\"breadcrumb\":{\"@id\":\"https:\/\/dukanette.fr\/?p=2554#breadcrumb\"},\"inLanguage\":\"fr-FR\",\"potentialAction\":[{\"@type\":\"ReadAction\",\"target\":[\"https:\/\/dukanette.fr\/?p=2554\"]}]},{\"@type\":\"ImageObject\",\"inLanguage\":\"fr-FR\",\"@id\":\"https:\/\/dukanette.fr\/?p=2554#primaryimage\",\"url\":\"https:\/\/dukanette.fr\/wp-content\/uploads\/2017\/10\/tarta-de-requeson-y-naranja-2-dukan.png\",\"contentUrl\":\"https:\/\/dukanette.fr\/wp-content\/uploads\/2017\/10\/tarta-de-requeson-y-naranja-2-dukan.png\",\"width\":280,\"height\":187},{\"@type\":\"BreadcrumbList\",\"@id\":\"https:\/\/dukanette.fr\/?p=2554#breadcrumb\",\"itemListElement\":[{\"@type\":\"ListItem\",\"position\":1,\"name\":\"Accueil\",\"item\":\"https:\/\/dukanette.fr\/\"},{\"@type\":\"ListItem\",\"position\":2,\"name\":\"G\u00e2teau Dukan au fromage blanc et \u00e0 l&rsquo;orange\"}]},{\"@type\":\"WebSite\",\"@id\":\"https:\/\/dukanette.fr\/#website\",\"url\":\"https:\/\/dukanette.fr\/\",\"name\":\"Maigrir en se faisant plaisir\",\"description\":\"Blog dukan de choupette\",\"potentialAction\":[{\"@type\":\"SearchAction\",\"target\":{\"@type\":\"EntryPoint\",\"urlTemplate\":\"https:\/\/dukanette.fr\/?s={search_term_string}\"},\"query-input\":{\"@type\":\"PropertyValueSpecification\",\"valueRequired\":true,\"valueName\":\"search_term_string\"}}],\"inLanguage\":\"fr-FR\"},{\"@type\":\"Person\",\"@id\":\"https:\/\/dukanette.fr\/#\/schema\/person\/29a18a2e65b28473696b7464a7b4616f\",\"name\":\"Nathalie\",\"image\":{\"@type\":\"ImageObject\",\"inLanguage\":\"fr-FR\",\"@id\":\"https:\/\/secure.gravatar.com\/avatar\/ee01839dc6049b7f398e764314b56d1f3d458829a172b8717953e96bf997a099?s=96&d=mm&r=g\",\"url\":\"https:\/\/secure.gravatar.com\/avatar\/ee01839dc6049b7f398e764314b56d1f3d458829a172b8717953e96bf997a099?s=96&d=mm&r=g\",\"contentUrl\":\"https:\/\/secure.gravatar.com\/avatar\/ee01839dc6049b7f398e764314b56d1f3d458829a172b8717953e96bf997a099?s=96&d=mm&r=g\",\"caption\":\"Nathalie\"},\"url\":\"https:\/\/dukanette.fr\/?author=1\"}]}<\/script>\n<!-- \/ Yoast SEO plugin. -->","yoast_head_json":{"title":"G\u00e2teau  Dukan au fromage blanc et \u00e0 l'orange - Se faire plaisir","robots":{"index":"index","follow":"follow","max-snippet":"max-snippet:-1","max-image-preview":"max-image-preview:large","max-video-preview":"max-video-preview:-1"},"canonical":"https:\/\/dukanette.fr\/?p=2554","og_locale":"fr_FR","og_type":"article","og_title":"G\u00e2teau  Dukan au fromage blanc et \u00e0 l'orange - Se faire plaisir","og_description":"&#8211; 3 blancs d&rsquo;oeufs &#8211; \u00e9dulcorant en poudre adapt\u00e9 \u00e0 la cuisson (quantit\u00e9 \u00e0 go\u00fbter) &#8211; 500 gr.\u00a0de caill\u00e9 0% MG (faisselle) &#8211; 200 gr.\u00a0de fromage frais battu 0% MG&hellip;","og_url":"https:\/\/dukanette.fr\/?p=2554","og_site_name":"Se faire plaisir","article_publisher":"https:\/\/www.facebook.com\/ptitedukanette","article_published_time":"2017-10-17T20:49:36+00:00","og_image":[{"width":280,"height":187,"url":"https:\/\/dukanette.fr\/wp-content\/uploads\/2017\/10\/tarta-de-requeson-y-naranja-2-dukan.png","type":"image\/png"}],"author":"Nathalie","twitter_card":"summary_large_image","twitter_misc":{"\u00c9crit par":"Nathalie","Dur\u00e9e de lecture estim\u00e9e":"1 minute"},"schema":{"@context":"https:\/\/schema.org","@graph":[{"@type":"Article","@id":"https:\/\/dukanette.fr\/?p=2554#article","isPartOf":{"@id":"https:\/\/dukanette.fr\/?p=2554"},"author":{"name":"Nathalie","@id":"https:\/\/dukanette.fr\/#\/schema\/person\/29a18a2e65b28473696b7464a7b4616f"},"headline":"G\u00e2teau Dukan au fromage blanc et \u00e0 l&rsquo;orange","datePublished":"2017-10-17T20:49:36+00:00","mainEntityOfPage":{"@id":"https:\/\/dukanette.fr\/?p=2554"},"wordCount":206,"image":{"@id":"https:\/\/dukanette.fr\/?p=2554#primaryimage"},"thumbnailUrl":"https:\/\/dukanette.fr\/wp-content\/uploads\/2017\/10\/tarta-de-requeson-y-naranja-2-dukan.png","keywords":["attaque"],"articleSection":["Recette","Sucr\u00e9"],"inLanguage":"fr-FR"},{"@type":"WebPage","@id":"https:\/\/dukanette.fr\/?p=2554","url":"https:\/\/dukanette.fr\/?p=2554","name":"G\u00e2teau Dukan au fromage blanc et \u00e0 l'orange - Se faire plaisir","isPartOf":{"@id":"https:\/\/dukanette.fr\/#website"},"primaryImageOfPage":{"@id":"https:\/\/dukanette.fr\/?p=2554#primaryimage"},"image":{"@id":"https:\/\/dukanette.fr\/?p=2554#primaryimage"},"thumbnailUrl":"https:\/\/dukanette.fr\/wp-content\/uploads\/2017\/10\/tarta-de-requeson-y-naranja-2-dukan.png","datePublished":"2017-10-17T20:49:36+00:00","author":{"@id":"https:\/\/dukanette.fr\/#\/schema\/person\/29a18a2e65b28473696b7464a7b4616f"},"breadcrumb":{"@id":"https:\/\/dukanette.fr\/?p=2554#breadcrumb"},"inLanguage":"fr-FR","potentialAction":[{"@type":"ReadAction","target":["https:\/\/dukanette.fr\/?p=2554"]}]},{"@type":"ImageObject","inLanguage":"fr-FR","@id":"https:\/\/dukanette.fr\/?p=2554#primaryimage","url":"https:\/\/dukanette.fr\/wp-content\/uploads\/2017\/10\/tarta-de-requeson-y-naranja-2-dukan.png","contentUrl":"https:\/\/dukanette.fr\/wp-content\/uploads\/2017\/10\/tarta-de-requeson-y-naranja-2-dukan.png","width":280,"height":187},{"@type":"BreadcrumbList","@id":"https:\/\/dukanette.fr\/?p=2554#breadcrumb","itemListElement":[{"@type":"ListItem","position":1,"name":"Accueil","item":"https:\/\/dukanette.fr\/"},{"@type":"ListItem","position":2,"name":"G\u00e2teau Dukan au fromage blanc et \u00e0 l&rsquo;orange"}]},{"@type":"WebSite","@id":"https:\/\/dukanette.fr\/#website","url":"https:\/\/dukanette.fr\/","name":"Maigrir en se faisant plaisir","description":"Blog dukan de choupette","potentialAction":[{"@type":"SearchAction","target":{"@type":"EntryPoint","urlTemplate":"https:\/\/dukanette.fr\/?s={search_term_string}"},"query-input":{"@type":"PropertyValueSpecification","valueRequired":true,"valueName":"search_term_string"}}],"inLanguage":"fr-FR"},{"@type":"Person","@id":"https:\/\/dukanette.fr\/#\/schema\/person\/29a18a2e65b28473696b7464a7b4616f","name":"Nathalie","image":{"@type":"ImageObject","inLanguage":"fr-FR","@id":"https:\/\/secure.gravatar.com\/avatar\/ee01839dc6049b7f398e764314b56d1f3d458829a172b8717953e96bf997a099?s=96&d=mm&r=g","url":"https:\/\/secure.gravatar.com\/avatar\/ee01839dc6049b7f398e764314b56d1f3d458829a172b8717953e96bf997a099?s=96&d=mm&r=g","contentUrl":"https:\/\/secure.gravatar.com\/avatar\/ee01839dc6049b7f398e764314b56d1f3d458829a172b8717953e96bf997a099?s=96&d=mm&r=g","caption":"Nathalie"},"url":"https:\/\/dukanette.fr\/?author=1"}]}},"jetpack_featured_media_url":"https:\/\/dukanette.fr\/wp-content\/uploads\/2017\/10\/tarta-de-requeson-y-naranja-2-dukan.png","jetpack_sharing_enabled":true,"_links":{"self":[{"href":"https:\/\/dukanette.fr\/index.php?rest_route=\/wp\/v2\/posts\/2554","targetHints":{"allow":["GET"]}}],"collection":[{"href":"https:\/\/dukanette.fr\/index.php?rest_route=\/wp\/v2\/posts"}],"about":[{"href":"https:\/\/dukanette.fr\/index.php?rest_route=\/wp\/v2\/types\/post"}],"author":[{"embeddable":true,"href":"https:\/\/dukanette.fr\/index.php?rest_route=\/wp\/v2\/users\/1"}],"replies":[{"embeddable":true,"href":"https:\/\/dukanette.fr\/index.php?rest_route=%2Fwp%2Fv2%2Fcomments&post=2554"}],"version-history":[{"count":1,"href":"https:\/\/dukanette.fr\/index.php?rest_route=\/wp\/v2\/posts\/2554\/revisions"}],"predecessor-version":[{"id":2556,"href":"https:\/\/dukanette.fr\/index.php?rest_route=\/wp\/v2\/posts\/2554\/revisions\/2556"}],"wp:featuredmedia":[{"embeddable":true,"href":"https:\/\/dukanette.fr\/index.php?rest_route=\/wp\/v2\/media\/2555"}],"wp:attachment":[{"href":"https:\/\/dukanette.fr\/index.php?rest_route=%2Fwp%2Fv2%2Fmedia&parent=2554"}],"wp:term":[{"taxonomy":"category","embeddable":true,"href":"https:\/\/dukanette.fr\/index.php?rest_route=%2Fwp%2Fv2%2Fcategories&post=2554"},{"taxonomy":"post_tag","embeddable":true,"href":"https:\/\/dukanette.fr\/index.php?rest_route=%2Fwp%2Fv2%2Ftags&post=2554"}],"curies":[{"name":"wp","href":"https:\/\/api.w.org\/{rel}","templated":true}]}}