{"id":3751,"date":"2018-05-22T16:39:35","date_gmt":"2018-05-22T14:39:35","guid":{"rendered":"https:\/\/ptitedukanette.fr\/?p=3751"},"modified":"2018-05-22T17:07:37","modified_gmt":"2018-05-22T15:07:37","slug":"gateau-moelleux-vanille","status":"publish","type":"post","link":"https:\/\/dukanette.fr\/?p=3751","title":{"rendered":"G\u00e2teau moelleux vanille"},"content":{"rendered":"<p>pr\u00e9chauffer le four \u00e0 180\u00b0 &#8211;<\/p>\n<p>4 CS de son d&rsquo;avoine,<\/p>\n<p>2 CS de son de bl\u00e9,<\/p>\n<p>4 CS de lait en poudre,<\/p>\n<p>2 CS gluten,<\/p>\n<p>2 CS de FB 0%,<\/p>\n<p>2 oeufs entiers, 2 blancs d&rsquo;oeufs<\/p>\n<p>, 1 sachet de levure,<\/p>\n<p>\u00e9dulcorant, ar\u00f4me vanille\/beurre et amande am\u00e8re.<\/p>\n<p>M\u00e9langer d&rsquo;abord les poudres, ajouter les oeufs entiers, le FB, \u00e9dulcorant et ar\u00f4mes &#8211; battre les blancs en neige, incorporer d\u00e9licatement au m\u00e9lange &#8211;<\/p>\n<p>enfourner pendant 30 min<\/p>\n<p>Recette de Maryline<\/p>\n<p style=\"text-align: center;\"><img loading=\"lazy\" decoding=\"async\" class=\"alignnone size-medium wp-image-3754\" src=\"https:\/\/ptitedukanette.fr\/wp-content\/uploads\/2018\/05\/33092277_1929346870430141_1653916679337410560_n-300x168.jpg\" alt=\"\" width=\"300\" height=\"168\" srcset=\"https:\/\/dukanette.fr\/wp-content\/uploads\/2018\/05\/33092277_1929346870430141_1653916679337410560_n-300x168.jpg 300w, https:\/\/dukanette.fr\/wp-content\/uploads\/2018\/05\/33092277_1929346870430141_1653916679337410560_n-768x430.jpg 768w, https:\/\/dukanette.fr\/wp-content\/uploads\/2018\/05\/33092277_1929346870430141_1653916679337410560_n-520x291.jpg 520w, https:\/\/dukanette.fr\/wp-content\/uploads\/2018\/05\/33092277_1929346870430141_1653916679337410560_n-740x415.jpg 740w, https:\/\/dukanette.fr\/wp-content\/uploads\/2018\/05\/33092277_1929346870430141_1653916679337410560_n.jpg 960w\" sizes=\"auto, (max-width: 300px) 100vw, 300px\" \/><\/p>\n","protected":false},"excerpt":{"rendered":"<p>pr\u00e9chauffer le four \u00e0 180\u00b0 &#8211; 4 CS de son d&rsquo;avoine, 2 CS de son de bl\u00e9, 4 CS de lait en poudre, 2 CS gluten, 2 CS de FB&hellip;<\/p>\n","protected":false},"author":1,"featured_media":3753,"comment_status":"open","ping_status":"closed","sticky":false,"template":"","format":"standard","meta":{"wprm-recipe-roundup-name":"","wprm-recipe-roundup-description":"","_jetpack_memberships_contains_paid_content":false,"footnotes":""},"categories":[2,4],"tags":[12],"class_list":["post-3751","post","type-post","status-publish","format-standard","has-post-thumbnail","hentry","category-recette","category-sucre","tag-croisiere"],"yoast_head":"<!-- This site is optimized with the Yoast SEO plugin v27.2 - https:\/\/yoast.com\/product\/yoast-seo-wordpress\/ -->\n<title>G\u00e2teau moelleux vanille - Se faire plaisir<\/title>\n<meta name=\"robots\" content=\"index, follow, max-snippet:-1, max-image-preview:large, max-video-preview:-1\" \/>\n<link rel=\"canonical\" href=\"https:\/\/dukanette.fr\/?p=3751\" \/>\n<meta property=\"og:locale\" content=\"fr_FR\" \/>\n<meta property=\"og:type\" content=\"article\" \/>\n<meta property=\"og:title\" content=\"G\u00e2teau moelleux vanille - Se faire plaisir\" \/>\n<meta property=\"og:description\" content=\"pr\u00e9chauffer le four \u00e0 180\u00b0 &#8211; 4 CS de son d&rsquo;avoine, 2 CS de son de bl\u00e9, 4 CS de lait en poudre, 2 CS gluten, 2 CS de FB&hellip;\" \/>\n<meta property=\"og:url\" content=\"https:\/\/dukanette.fr\/?p=3751\" \/>\n<meta property=\"og:site_name\" content=\"Se faire plaisir\" \/>\n<meta property=\"article:publisher\" content=\"https:\/\/www.facebook.com\/ptitedukanette\" \/>\n<meta property=\"article:published_time\" content=\"2018-05-22T14:39:35+00:00\" \/>\n<meta property=\"article:modified_time\" content=\"2018-05-22T15:07:37+00:00\" \/>\n<meta property=\"og:image\" content=\"https:\/\/dukanette.fr\/wp-content\/uploads\/2018\/05\/33123361_1929346533763508_617795594869538816_n.jpg\" \/>\n\t<meta property=\"og:image:width\" content=\"960\" \/>\n\t<meta property=\"og:image:height\" content=\"538\" \/>\n\t<meta property=\"og:image:type\" content=\"image\/jpeg\" \/>\n<meta name=\"author\" content=\"Nathalie\" \/>\n<meta name=\"twitter:card\" content=\"summary_large_image\" \/>\n<meta name=\"twitter:label1\" content=\"\u00c9crit par\" \/>\n\t<meta name=\"twitter:data1\" content=\"Nathalie\" \/>\n<script type=\"application\/ld+json\" class=\"yoast-schema-graph\">{\"@context\":\"https:\/\/schema.org\",\"@graph\":[{\"@type\":\"Article\",\"@id\":\"https:\/\/dukanette.fr\/?p=3751#article\",\"isPartOf\":{\"@id\":\"https:\/\/dukanette.fr\/?p=3751\"},\"author\":{\"name\":\"Nathalie\",\"@id\":\"https:\/\/dukanette.fr\/#\/schema\/person\/29a18a2e65b28473696b7464a7b4616f\"},\"headline\":\"G\u00e2teau moelleux vanille\",\"datePublished\":\"2018-05-22T14:39:35+00:00\",\"dateModified\":\"2018-05-22T15:07:37+00:00\",\"mainEntityOfPage\":{\"@id\":\"https:\/\/dukanette.fr\/?p=3751\"},\"wordCount\":81,\"commentCount\":0,\"image\":{\"@id\":\"https:\/\/dukanette.fr\/?p=3751#primaryimage\"},\"thumbnailUrl\":\"https:\/\/dukanette.fr\/wp-content\/uploads\/2018\/05\/33123361_1929346533763508_617795594869538816_n.jpg\",\"keywords\":[\"croisi\u00e8re\"],\"articleSection\":[\"Recette\",\"Sucr\u00e9\"],\"inLanguage\":\"fr-FR\",\"potentialAction\":[{\"@type\":\"CommentAction\",\"name\":\"Comment\",\"target\":[\"https:\/\/dukanette.fr\/?p=3751#respond\"]}]},{\"@type\":\"WebPage\",\"@id\":\"https:\/\/dukanette.fr\/?p=3751\",\"url\":\"https:\/\/dukanette.fr\/?p=3751\",\"name\":\"G\u00e2teau moelleux vanille - Se faire plaisir\",\"isPartOf\":{\"@id\":\"https:\/\/dukanette.fr\/#website\"},\"primaryImageOfPage\":{\"@id\":\"https:\/\/dukanette.fr\/?p=3751#primaryimage\"},\"image\":{\"@id\":\"https:\/\/dukanette.fr\/?p=3751#primaryimage\"},\"thumbnailUrl\":\"https:\/\/dukanette.fr\/wp-content\/uploads\/2018\/05\/33123361_1929346533763508_617795594869538816_n.jpg\",\"datePublished\":\"2018-05-22T14:39:35+00:00\",\"dateModified\":\"2018-05-22T15:07:37+00:00\",\"author\":{\"@id\":\"https:\/\/dukanette.fr\/#\/schema\/person\/29a18a2e65b28473696b7464a7b4616f\"},\"breadcrumb\":{\"@id\":\"https:\/\/dukanette.fr\/?p=3751#breadcrumb\"},\"inLanguage\":\"fr-FR\",\"potentialAction\":[{\"@type\":\"ReadAction\",\"target\":[\"https:\/\/dukanette.fr\/?p=3751\"]}]},{\"@type\":\"ImageObject\",\"inLanguage\":\"fr-FR\",\"@id\":\"https:\/\/dukanette.fr\/?p=3751#primaryimage\",\"url\":\"https:\/\/dukanette.fr\/wp-content\/uploads\/2018\/05\/33123361_1929346533763508_617795594869538816_n.jpg\",\"contentUrl\":\"https:\/\/dukanette.fr\/wp-content\/uploads\/2018\/05\/33123361_1929346533763508_617795594869538816_n.jpg\",\"width\":960,\"height\":538},{\"@type\":\"BreadcrumbList\",\"@id\":\"https:\/\/dukanette.fr\/?p=3751#breadcrumb\",\"itemListElement\":[{\"@type\":\"ListItem\",\"position\":1,\"name\":\"Accueil\",\"item\":\"https:\/\/dukanette.fr\/\"},{\"@type\":\"ListItem\",\"position\":2,\"name\":\"G\u00e2teau moelleux vanille\"}]},{\"@type\":\"WebSite\",\"@id\":\"https:\/\/dukanette.fr\/#website\",\"url\":\"https:\/\/dukanette.fr\/\",\"name\":\"Maigrir en se faisant plaisir\",\"description\":\"Blog dukan de choupette\",\"potentialAction\":[{\"@type\":\"SearchAction\",\"target\":{\"@type\":\"EntryPoint\",\"urlTemplate\":\"https:\/\/dukanette.fr\/?s={search_term_string}\"},\"query-input\":{\"@type\":\"PropertyValueSpecification\",\"valueRequired\":true,\"valueName\":\"search_term_string\"}}],\"inLanguage\":\"fr-FR\"},{\"@type\":\"Person\",\"@id\":\"https:\/\/dukanette.fr\/#\/schema\/person\/29a18a2e65b28473696b7464a7b4616f\",\"name\":\"Nathalie\",\"image\":{\"@type\":\"ImageObject\",\"inLanguage\":\"fr-FR\",\"@id\":\"https:\/\/secure.gravatar.com\/avatar\/ee01839dc6049b7f398e764314b56d1f3d458829a172b8717953e96bf997a099?s=96&d=mm&r=g\",\"url\":\"https:\/\/secure.gravatar.com\/avatar\/ee01839dc6049b7f398e764314b56d1f3d458829a172b8717953e96bf997a099?s=96&d=mm&r=g\",\"contentUrl\":\"https:\/\/secure.gravatar.com\/avatar\/ee01839dc6049b7f398e764314b56d1f3d458829a172b8717953e96bf997a099?s=96&d=mm&r=g\",\"caption\":\"Nathalie\"},\"url\":\"https:\/\/dukanette.fr\/?author=1\"}]}<\/script>\n<!-- \/ Yoast SEO plugin. -->","yoast_head_json":{"title":"G\u00e2teau moelleux vanille - Se faire plaisir","robots":{"index":"index","follow":"follow","max-snippet":"max-snippet:-1","max-image-preview":"max-image-preview:large","max-video-preview":"max-video-preview:-1"},"canonical":"https:\/\/dukanette.fr\/?p=3751","og_locale":"fr_FR","og_type":"article","og_title":"G\u00e2teau moelleux vanille - Se faire plaisir","og_description":"pr\u00e9chauffer le four \u00e0 180\u00b0 &#8211; 4 CS de son d&rsquo;avoine, 2 CS de son de bl\u00e9, 4 CS de lait en poudre, 2 CS gluten, 2 CS de FB&hellip;","og_url":"https:\/\/dukanette.fr\/?p=3751","og_site_name":"Se faire plaisir","article_publisher":"https:\/\/www.facebook.com\/ptitedukanette","article_published_time":"2018-05-22T14:39:35+00:00","article_modified_time":"2018-05-22T15:07:37+00:00","og_image":[{"width":960,"height":538,"url":"https:\/\/dukanette.fr\/wp-content\/uploads\/2018\/05\/33123361_1929346533763508_617795594869538816_n.jpg","type":"image\/jpeg"}],"author":"Nathalie","twitter_card":"summary_large_image","twitter_misc":{"\u00c9crit par":"Nathalie"},"schema":{"@context":"https:\/\/schema.org","@graph":[{"@type":"Article","@id":"https:\/\/dukanette.fr\/?p=3751#article","isPartOf":{"@id":"https:\/\/dukanette.fr\/?p=3751"},"author":{"name":"Nathalie","@id":"https:\/\/dukanette.fr\/#\/schema\/person\/29a18a2e65b28473696b7464a7b4616f"},"headline":"G\u00e2teau moelleux vanille","datePublished":"2018-05-22T14:39:35+00:00","dateModified":"2018-05-22T15:07:37+00:00","mainEntityOfPage":{"@id":"https:\/\/dukanette.fr\/?p=3751"},"wordCount":81,"commentCount":0,"image":{"@id":"https:\/\/dukanette.fr\/?p=3751#primaryimage"},"thumbnailUrl":"https:\/\/dukanette.fr\/wp-content\/uploads\/2018\/05\/33123361_1929346533763508_617795594869538816_n.jpg","keywords":["croisi\u00e8re"],"articleSection":["Recette","Sucr\u00e9"],"inLanguage":"fr-FR","potentialAction":[{"@type":"CommentAction","name":"Comment","target":["https:\/\/dukanette.fr\/?p=3751#respond"]}]},{"@type":"WebPage","@id":"https:\/\/dukanette.fr\/?p=3751","url":"https:\/\/dukanette.fr\/?p=3751","name":"G\u00e2teau moelleux vanille - Se faire plaisir","isPartOf":{"@id":"https:\/\/dukanette.fr\/#website"},"primaryImageOfPage":{"@id":"https:\/\/dukanette.fr\/?p=3751#primaryimage"},"image":{"@id":"https:\/\/dukanette.fr\/?p=3751#primaryimage"},"thumbnailUrl":"https:\/\/dukanette.fr\/wp-content\/uploads\/2018\/05\/33123361_1929346533763508_617795594869538816_n.jpg","datePublished":"2018-05-22T14:39:35+00:00","dateModified":"2018-05-22T15:07:37+00:00","author":{"@id":"https:\/\/dukanette.fr\/#\/schema\/person\/29a18a2e65b28473696b7464a7b4616f"},"breadcrumb":{"@id":"https:\/\/dukanette.fr\/?p=3751#breadcrumb"},"inLanguage":"fr-FR","potentialAction":[{"@type":"ReadAction","target":["https:\/\/dukanette.fr\/?p=3751"]}]},{"@type":"ImageObject","inLanguage":"fr-FR","@id":"https:\/\/dukanette.fr\/?p=3751#primaryimage","url":"https:\/\/dukanette.fr\/wp-content\/uploads\/2018\/05\/33123361_1929346533763508_617795594869538816_n.jpg","contentUrl":"https:\/\/dukanette.fr\/wp-content\/uploads\/2018\/05\/33123361_1929346533763508_617795594869538816_n.jpg","width":960,"height":538},{"@type":"BreadcrumbList","@id":"https:\/\/dukanette.fr\/?p=3751#breadcrumb","itemListElement":[{"@type":"ListItem","position":1,"name":"Accueil","item":"https:\/\/dukanette.fr\/"},{"@type":"ListItem","position":2,"name":"G\u00e2teau moelleux vanille"}]},{"@type":"WebSite","@id":"https:\/\/dukanette.fr\/#website","url":"https:\/\/dukanette.fr\/","name":"Maigrir en se faisant plaisir","description":"Blog dukan de choupette","potentialAction":[{"@type":"SearchAction","target":{"@type":"EntryPoint","urlTemplate":"https:\/\/dukanette.fr\/?s={search_term_string}"},"query-input":{"@type":"PropertyValueSpecification","valueRequired":true,"valueName":"search_term_string"}}],"inLanguage":"fr-FR"},{"@type":"Person","@id":"https:\/\/dukanette.fr\/#\/schema\/person\/29a18a2e65b28473696b7464a7b4616f","name":"Nathalie","image":{"@type":"ImageObject","inLanguage":"fr-FR","@id":"https:\/\/secure.gravatar.com\/avatar\/ee01839dc6049b7f398e764314b56d1f3d458829a172b8717953e96bf997a099?s=96&d=mm&r=g","url":"https:\/\/secure.gravatar.com\/avatar\/ee01839dc6049b7f398e764314b56d1f3d458829a172b8717953e96bf997a099?s=96&d=mm&r=g","contentUrl":"https:\/\/secure.gravatar.com\/avatar\/ee01839dc6049b7f398e764314b56d1f3d458829a172b8717953e96bf997a099?s=96&d=mm&r=g","caption":"Nathalie"},"url":"https:\/\/dukanette.fr\/?author=1"}]}},"jetpack_featured_media_url":"https:\/\/dukanette.fr\/wp-content\/uploads\/2018\/05\/33123361_1929346533763508_617795594869538816_n.jpg","jetpack_sharing_enabled":true,"_links":{"self":[{"href":"https:\/\/dukanette.fr\/index.php?rest_route=\/wp\/v2\/posts\/3751","targetHints":{"allow":["GET"]}}],"collection":[{"href":"https:\/\/dukanette.fr\/index.php?rest_route=\/wp\/v2\/posts"}],"about":[{"href":"https:\/\/dukanette.fr\/index.php?rest_route=\/wp\/v2\/types\/post"}],"author":[{"embeddable":true,"href":"https:\/\/dukanette.fr\/index.php?rest_route=\/wp\/v2\/users\/1"}],"replies":[{"embeddable":true,"href":"https:\/\/dukanette.fr\/index.php?rest_route=%2Fwp%2Fv2%2Fcomments&post=3751"}],"version-history":[{"count":1,"href":"https:\/\/dukanette.fr\/index.php?rest_route=\/wp\/v2\/posts\/3751\/revisions"}],"predecessor-version":[{"id":3755,"href":"https:\/\/dukanette.fr\/index.php?rest_route=\/wp\/v2\/posts\/3751\/revisions\/3755"}],"wp:featuredmedia":[{"embeddable":true,"href":"https:\/\/dukanette.fr\/index.php?rest_route=\/wp\/v2\/media\/3753"}],"wp:attachment":[{"href":"https:\/\/dukanette.fr\/index.php?rest_route=%2Fwp%2Fv2%2Fmedia&parent=3751"}],"wp:term":[{"taxonomy":"category","embeddable":true,"href":"https:\/\/dukanette.fr\/index.php?rest_route=%2Fwp%2Fv2%2Fcategories&post=3751"},{"taxonomy":"post_tag","embeddable":true,"href":"https:\/\/dukanette.fr\/index.php?rest_route=%2Fwp%2Fv2%2Ftags&post=3751"}],"curies":[{"name":"wp","href":"https:\/\/api.w.org\/{rel}","templated":true}]}}