{"id":4089,"date":"2018-06-27T14:19:23","date_gmt":"2018-06-27T12:19:23","guid":{"rendered":"https:\/\/ptitedukanette.fr\/?p=4089"},"modified":"2024-05-27T12:29:08","modified_gmt":"2024-05-27T10:29:08","slug":"tarte-au-chocolat-et-noix-de-coco","status":"publish","type":"post","link":"https:\/\/dukanette.fr\/?p=4089","title":{"rendered":"Tarte au chocolat et noix de coco"},"content":{"rendered":"<p><strong>Fond de tarte<\/strong>:<br \/>\n2 oeufs<span class=\"text_exposed_show\"><br \/>\n3 cs rase de lait \u00e9cr\u00e9m\u00e9 en poudre<br \/>\n2 cs rase de protifar<br \/>\n2 cs rase de gluten de bl\u00e9<br \/>\n1 bouchon d&rsquo;\u00e9dulcorant liquide<br \/>\n1 cc de levure chimique<br \/>\nAr\u00f4me beurre ( facultatif)\u00a0 ( \u00e9paissir avec du gluten si c&rsquo;est trop liquide )<\/span><\/p>\n<p><strong>Cr\u00e8me au chocolat<\/strong> :<br \/>\n1 oeuf<br \/>\n200 ml de lait \u00e9cr\u00e9m\u00e9<br \/>\n\u00c9dulcorant en poudre \u00e0 votre go\u00fbt<br \/>\n2 sachets de bio flan cacao ou autre parfum<\/p>\n<p>1 cc de gomme de guar<br \/>\n1 sachet de bio flan noix de coco pour saupoudrer<\/p>\n<p>Pour la cr\u00e8me m\u00e9langer tous les ingr\u00e9dients au fouet dans un saladier.<br \/>\nMettre au micro-ondes pendant 2 mn, m\u00e9langer et remettre 1 mn.<\/p>\n<p>Pr\u00e9chauffer le four \u00e0 180*<\/p>\n<p>Bien m\u00e9langer tous les ingr\u00e9dients pour le fond de tarte \u00e0 la cuill\u00e8re en bois.<br \/>\n\u00c9taler la p\u00e2te \u00e0 l&rsquo;aide du dos de la cuill\u00e8re dans un moule \u00e0 tarte en silicone ( 22 cm de diam\u00e8tre ) en remontant vers les bords. Je l&rsquo;ai \u00e9tal\u00e9 sur du papier sulfuris\u00e9 c&rsquo;est plus pratique et ensuite dans le moule .<br \/>\nMettre au four pendant 10 mn env.<br \/>\nA la sortie du four d\u00e9mouler et poser le fond de tarte sur un plat.<br \/>\nAvec le dos de la cuill\u00e8re aplatisser le fond et pincer les bords avec les doigts afin de fa\u00e7onner le fond de tarte.<br \/>\nVerser et \u00e9taler la cr\u00e8me au chocolat.<br \/>\nSaupoudrer avec la poudre du bio flan noix de coco.<br \/>\nMettre au frais.<\/p>\n<p>Recette d&rsquo;Adeline<\/p>\n","protected":false},"excerpt":{"rendered":"<p>Fond de tarte: 2 oeufs 3 cs rase de lait \u00e9cr\u00e9m\u00e9 en poudre 2 cs rase de protifar 2 cs rase de gluten de bl\u00e9 1 bouchon d&rsquo;\u00e9dulcorant liquide 1&hellip;<\/p>\n","protected":false},"author":1,"featured_media":0,"comment_status":"open","ping_status":"closed","sticky":false,"template":"","format":"standard","meta":{"wprm-recipe-roundup-name":"","wprm-recipe-roundup-description":"","_jetpack_memberships_contains_paid_content":false,"footnotes":""},"categories":[2,4],"tags":[12],"class_list":["post-4089","post","type-post","status-publish","format-standard","hentry","category-recette","category-sucre","tag-croisiere"],"yoast_head":"<!-- This site is optimized with the Yoast SEO plugin v27.2 - https:\/\/yoast.com\/product\/yoast-seo-wordpress\/ -->\n<title>Tarte au chocolat et noix de coco - Se faire plaisir<\/title>\n<meta name=\"robots\" content=\"index, follow, max-snippet:-1, max-image-preview:large, max-video-preview:-1\" \/>\n<link rel=\"canonical\" href=\"https:\/\/dukanette.fr\/?p=4089\" \/>\n<meta property=\"og:locale\" content=\"fr_FR\" \/>\n<meta property=\"og:type\" content=\"article\" \/>\n<meta property=\"og:title\" content=\"Tarte au chocolat et noix de coco - Se faire plaisir\" \/>\n<meta property=\"og:description\" content=\"Fond de tarte: 2 oeufs 3 cs rase de lait \u00e9cr\u00e9m\u00e9 en poudre 2 cs rase de protifar 2 cs rase de gluten de bl\u00e9 1 bouchon d&rsquo;\u00e9dulcorant liquide 1&hellip;\" \/>\n<meta property=\"og:url\" content=\"https:\/\/dukanette.fr\/?p=4089\" \/>\n<meta property=\"og:site_name\" content=\"Se faire plaisir\" \/>\n<meta property=\"article:publisher\" content=\"https:\/\/www.facebook.com\/ptitedukanette\" \/>\n<meta property=\"article:published_time\" content=\"2018-06-27T12:19:23+00:00\" \/>\n<meta property=\"article:modified_time\" content=\"2024-05-27T10:29:08+00:00\" \/>\n<meta name=\"author\" content=\"Nathalie\" \/>\n<meta name=\"twitter:card\" content=\"summary_large_image\" \/>\n<meta name=\"twitter:label1\" content=\"\u00c9crit par\" \/>\n\t<meta name=\"twitter:data1\" content=\"Nathalie\" \/>\n\t<meta name=\"twitter:label2\" content=\"Dur\u00e9e de lecture estim\u00e9e\" \/>\n\t<meta name=\"twitter:data2\" content=\"1 minute\" \/>\n<script type=\"application\/ld+json\" class=\"yoast-schema-graph\">{\"@context\":\"https:\/\/schema.org\",\"@graph\":[{\"@type\":\"Article\",\"@id\":\"https:\/\/dukanette.fr\/?p=4089#article\",\"isPartOf\":{\"@id\":\"https:\/\/dukanette.fr\/?p=4089\"},\"author\":{\"name\":\"Nathalie\",\"@id\":\"https:\/\/dukanette.fr\/#\/schema\/person\/29a18a2e65b28473696b7464a7b4616f\"},\"headline\":\"Tarte au chocolat et noix de coco\",\"datePublished\":\"2018-06-27T12:19:23+00:00\",\"dateModified\":\"2024-05-27T10:29:08+00:00\",\"mainEntityOfPage\":{\"@id\":\"https:\/\/dukanette.fr\/?p=4089\"},\"wordCount\":249,\"commentCount\":0,\"keywords\":[\"croisi\u00e8re\"],\"articleSection\":[\"Recette\",\"Sucr\u00e9\"],\"inLanguage\":\"fr-FR\",\"potentialAction\":[{\"@type\":\"CommentAction\",\"name\":\"Comment\",\"target\":[\"https:\/\/dukanette.fr\/?p=4089#respond\"]}]},{\"@type\":\"WebPage\",\"@id\":\"https:\/\/dukanette.fr\/?p=4089\",\"url\":\"https:\/\/dukanette.fr\/?p=4089\",\"name\":\"Tarte au chocolat et noix de coco - Se faire plaisir\",\"isPartOf\":{\"@id\":\"https:\/\/dukanette.fr\/#website\"},\"datePublished\":\"2018-06-27T12:19:23+00:00\",\"dateModified\":\"2024-05-27T10:29:08+00:00\",\"author\":{\"@id\":\"https:\/\/dukanette.fr\/#\/schema\/person\/29a18a2e65b28473696b7464a7b4616f\"},\"breadcrumb\":{\"@id\":\"https:\/\/dukanette.fr\/?p=4089#breadcrumb\"},\"inLanguage\":\"fr-FR\",\"potentialAction\":[{\"@type\":\"ReadAction\",\"target\":[\"https:\/\/dukanette.fr\/?p=4089\"]}]},{\"@type\":\"BreadcrumbList\",\"@id\":\"https:\/\/dukanette.fr\/?p=4089#breadcrumb\",\"itemListElement\":[{\"@type\":\"ListItem\",\"position\":1,\"name\":\"Accueil\",\"item\":\"https:\/\/dukanette.fr\/\"},{\"@type\":\"ListItem\",\"position\":2,\"name\":\"Tarte au chocolat et noix de coco\"}]},{\"@type\":\"WebSite\",\"@id\":\"https:\/\/dukanette.fr\/#website\",\"url\":\"https:\/\/dukanette.fr\/\",\"name\":\"Maigrir en se faisant plaisir\",\"description\":\"Blog dukan de choupette\",\"potentialAction\":[{\"@type\":\"SearchAction\",\"target\":{\"@type\":\"EntryPoint\",\"urlTemplate\":\"https:\/\/dukanette.fr\/?s={search_term_string}\"},\"query-input\":{\"@type\":\"PropertyValueSpecification\",\"valueRequired\":true,\"valueName\":\"search_term_string\"}}],\"inLanguage\":\"fr-FR\"},{\"@type\":\"Person\",\"@id\":\"https:\/\/dukanette.fr\/#\/schema\/person\/29a18a2e65b28473696b7464a7b4616f\",\"name\":\"Nathalie\",\"image\":{\"@type\":\"ImageObject\",\"inLanguage\":\"fr-FR\",\"@id\":\"https:\/\/secure.gravatar.com\/avatar\/ee01839dc6049b7f398e764314b56d1f3d458829a172b8717953e96bf997a099?s=96&d=mm&r=g\",\"url\":\"https:\/\/secure.gravatar.com\/avatar\/ee01839dc6049b7f398e764314b56d1f3d458829a172b8717953e96bf997a099?s=96&d=mm&r=g\",\"contentUrl\":\"https:\/\/secure.gravatar.com\/avatar\/ee01839dc6049b7f398e764314b56d1f3d458829a172b8717953e96bf997a099?s=96&d=mm&r=g\",\"caption\":\"Nathalie\"},\"url\":\"https:\/\/dukanette.fr\/?author=1\"}]}<\/script>\n<!-- \/ Yoast SEO plugin. -->","yoast_head_json":{"title":"Tarte au chocolat et noix de coco - Se faire plaisir","robots":{"index":"index","follow":"follow","max-snippet":"max-snippet:-1","max-image-preview":"max-image-preview:large","max-video-preview":"max-video-preview:-1"},"canonical":"https:\/\/dukanette.fr\/?p=4089","og_locale":"fr_FR","og_type":"article","og_title":"Tarte au chocolat et noix de coco - Se faire plaisir","og_description":"Fond de tarte: 2 oeufs 3 cs rase de lait \u00e9cr\u00e9m\u00e9 en poudre 2 cs rase de protifar 2 cs rase de gluten de bl\u00e9 1 bouchon d&rsquo;\u00e9dulcorant liquide 1&hellip;","og_url":"https:\/\/dukanette.fr\/?p=4089","og_site_name":"Se faire plaisir","article_publisher":"https:\/\/www.facebook.com\/ptitedukanette","article_published_time":"2018-06-27T12:19:23+00:00","article_modified_time":"2024-05-27T10:29:08+00:00","author":"Nathalie","twitter_card":"summary_large_image","twitter_misc":{"\u00c9crit par":"Nathalie","Dur\u00e9e de lecture estim\u00e9e":"1 minute"},"schema":{"@context":"https:\/\/schema.org","@graph":[{"@type":"Article","@id":"https:\/\/dukanette.fr\/?p=4089#article","isPartOf":{"@id":"https:\/\/dukanette.fr\/?p=4089"},"author":{"name":"Nathalie","@id":"https:\/\/dukanette.fr\/#\/schema\/person\/29a18a2e65b28473696b7464a7b4616f"},"headline":"Tarte au chocolat et noix de coco","datePublished":"2018-06-27T12:19:23+00:00","dateModified":"2024-05-27T10:29:08+00:00","mainEntityOfPage":{"@id":"https:\/\/dukanette.fr\/?p=4089"},"wordCount":249,"commentCount":0,"keywords":["croisi\u00e8re"],"articleSection":["Recette","Sucr\u00e9"],"inLanguage":"fr-FR","potentialAction":[{"@type":"CommentAction","name":"Comment","target":["https:\/\/dukanette.fr\/?p=4089#respond"]}]},{"@type":"WebPage","@id":"https:\/\/dukanette.fr\/?p=4089","url":"https:\/\/dukanette.fr\/?p=4089","name":"Tarte au chocolat et noix de coco - Se faire plaisir","isPartOf":{"@id":"https:\/\/dukanette.fr\/#website"},"datePublished":"2018-06-27T12:19:23+00:00","dateModified":"2024-05-27T10:29:08+00:00","author":{"@id":"https:\/\/dukanette.fr\/#\/schema\/person\/29a18a2e65b28473696b7464a7b4616f"},"breadcrumb":{"@id":"https:\/\/dukanette.fr\/?p=4089#breadcrumb"},"inLanguage":"fr-FR","potentialAction":[{"@type":"ReadAction","target":["https:\/\/dukanette.fr\/?p=4089"]}]},{"@type":"BreadcrumbList","@id":"https:\/\/dukanette.fr\/?p=4089#breadcrumb","itemListElement":[{"@type":"ListItem","position":1,"name":"Accueil","item":"https:\/\/dukanette.fr\/"},{"@type":"ListItem","position":2,"name":"Tarte au chocolat et noix de coco"}]},{"@type":"WebSite","@id":"https:\/\/dukanette.fr\/#website","url":"https:\/\/dukanette.fr\/","name":"Maigrir en se faisant plaisir","description":"Blog dukan de choupette","potentialAction":[{"@type":"SearchAction","target":{"@type":"EntryPoint","urlTemplate":"https:\/\/dukanette.fr\/?s={search_term_string}"},"query-input":{"@type":"PropertyValueSpecification","valueRequired":true,"valueName":"search_term_string"}}],"inLanguage":"fr-FR"},{"@type":"Person","@id":"https:\/\/dukanette.fr\/#\/schema\/person\/29a18a2e65b28473696b7464a7b4616f","name":"Nathalie","image":{"@type":"ImageObject","inLanguage":"fr-FR","@id":"https:\/\/secure.gravatar.com\/avatar\/ee01839dc6049b7f398e764314b56d1f3d458829a172b8717953e96bf997a099?s=96&d=mm&r=g","url":"https:\/\/secure.gravatar.com\/avatar\/ee01839dc6049b7f398e764314b56d1f3d458829a172b8717953e96bf997a099?s=96&d=mm&r=g","contentUrl":"https:\/\/secure.gravatar.com\/avatar\/ee01839dc6049b7f398e764314b56d1f3d458829a172b8717953e96bf997a099?s=96&d=mm&r=g","caption":"Nathalie"},"url":"https:\/\/dukanette.fr\/?author=1"}]}},"jetpack_featured_media_url":"","jetpack_sharing_enabled":true,"_links":{"self":[{"href":"https:\/\/dukanette.fr\/index.php?rest_route=\/wp\/v2\/posts\/4089","targetHints":{"allow":["GET"]}}],"collection":[{"href":"https:\/\/dukanette.fr\/index.php?rest_route=\/wp\/v2\/posts"}],"about":[{"href":"https:\/\/dukanette.fr\/index.php?rest_route=\/wp\/v2\/types\/post"}],"author":[{"embeddable":true,"href":"https:\/\/dukanette.fr\/index.php?rest_route=\/wp\/v2\/users\/1"}],"replies":[{"embeddable":true,"href":"https:\/\/dukanette.fr\/index.php?rest_route=%2Fwp%2Fv2%2Fcomments&post=4089"}],"version-history":[{"count":5,"href":"https:\/\/dukanette.fr\/index.php?rest_route=\/wp\/v2\/posts\/4089\/revisions"}],"predecessor-version":[{"id":7276,"href":"https:\/\/dukanette.fr\/index.php?rest_route=\/wp\/v2\/posts\/4089\/revisions\/7276"}],"wp:attachment":[{"href":"https:\/\/dukanette.fr\/index.php?rest_route=%2Fwp%2Fv2%2Fmedia&parent=4089"}],"wp:term":[{"taxonomy":"category","embeddable":true,"href":"https:\/\/dukanette.fr\/index.php?rest_route=%2Fwp%2Fv2%2Fcategories&post=4089"},{"taxonomy":"post_tag","embeddable":true,"href":"https:\/\/dukanette.fr\/index.php?rest_route=%2Fwp%2Fv2%2Ftags&post=4089"}],"curies":[{"name":"wp","href":"https:\/\/api.w.org\/{rel}","templated":true}]}}