{"id":7344,"date":"2024-08-02T21:14:01","date_gmt":"2024-08-02T19:14:01","guid":{"rendered":"https:\/\/dukanette.fr\/?p=7344"},"modified":"2025-01-18T14:18:35","modified_gmt":"2025-01-18T13:18:35","slug":"tarte-aux-fraises-okara","status":"publish","type":"post","link":"https:\/\/dukanette.fr\/?p=7344","title":{"rendered":"\ud83c\udf53 Tarte aux Fraises Dukan okara"},"content":{"rendered":"<div class=\"xdj266r x11i5rnm xat24cr x1mh8g0r x1vvkbs x126k92a\">\n<div dir=\"auto\">\n<h3><strong>Recette de Adeline Misak<\/strong><\/h3>\n<hr \/>\n<h2>\ud83d\uded2 <strong>Ingr\u00e9dients<\/strong><\/h2>\n<h3>P\u00e2te \u00e0 tarte :<\/h3>\n<ul>\n<li>\ud83e\udd44 <strong>200 g<\/strong> d\u2019okara frais<\/li>\n<li>\ud83e\udd5a <strong>1 \u0153uf<\/strong><\/li>\n<li>\ud83e\uddc2 <strong>1 pinc\u00e9e de sel<\/strong><\/li>\n<li>\ud83c\udf6c <strong>2 c. \u00e0 soupe<\/strong> d\u2019\u00e9dulcorant<\/li>\n<\/ul>\n<h3>Cr\u00e8me p\u00e2tissi\u00e8re :<\/h3>\n<ul>\n<li>\ud83e\udd5a <strong>4 jaunes d\u2019\u0153uf<\/strong><\/li>\n<li>\ud83c\udf3e <strong>2 c. \u00e0 soupe<\/strong> de ma\u00efzena<\/li>\n<li>\ud83c\udf6c <strong>2 c. \u00e0 soupe<\/strong> d\u2019\u00e9dulcorant<\/li>\n<li>\ud83c\udf38 <strong>4 sticks<\/strong> d\u2019\u00e9dulcorant vanille<\/li>\n<li>\ud83e\udd5b <strong>50 cl<\/strong> de lait \u00e9cr\u00e9m\u00e9<\/li>\n<li>\ud83c\udf3c <strong>Ar\u00f4me vanille<\/strong> au go\u00fbt<\/li>\n<\/ul>\n<h3>Garniture :<\/h3>\n<ul>\n<li>\ud83c\udf53 Fraises fra\u00eeches ou congel\u00e9es (100 g, compte comme <strong>1 tol\u00e9r\u00e9<\/strong>).<\/li>\n<\/ul>\n<hr \/>\n<h2>\ud83d\udc69\u200d\ud83c\udf73 <strong>Pr\u00e9paration<\/strong><\/h2>\n<h3>1\ufe0f\u20e3 Pr\u00e9parer la p\u00e2te \u00e0 tarte :<\/h3>\n<ol>\n<li>\ud83d\udd50 Pr\u00e9chauffez le four \u00e0 <strong>200\u00b0C<\/strong> pendant 10 minutes.<\/li>\n<li>\ud83e\udd63 M\u00e9langez tous les ingr\u00e9dients de la p\u00e2te avec les mains.<\/li>\n<li>\ud83d\udd90\ufe0f \u00c9talez la p\u00e2te dans un moule \u00e0 tarte en silicone en pressant avec le bout des doigts.<\/li>\n<li>\ud83d\udd25 Enfournez pour <strong>25 \u00e0 30 minutes<\/strong>, puis laissez refroidir.<\/li>\n<\/ol>\n<hr \/>\n<h3>2\ufe0f\u20e3 R\u00e9aliser la cr\u00e8me p\u00e2tissi\u00e8re au micro-ondes :<\/h3>\n<ol>\n<li>\ud83e\udd44 Dans un saladier, m\u00e9langez les jaunes d\u2019\u0153ufs, la ma\u00efzena, l\u2019\u00e9dulcorant, les sticks d\u2019\u00e9dulcorant vanille, le lait \u00e9cr\u00e9m\u00e9, et l\u2019ar\u00f4me vanille.<\/li>\n<li>\ud83c\udf21\ufe0f Faites cuire au micro-ondes, en arr\u00eatant toutes les <strong>2 minutes<\/strong> pour remuer.<br \/>\n\ud83d\udd04 R\u00e9p\u00e9tez jusqu\u2019\u00e0 obtenir la consistance souhait\u00e9e.<\/li>\n<\/ol>\n<hr \/>\n<h3>3\ufe0f\u20e3 Assembler la tarte :<\/h3>\n<ol>\n<li>\ud83c\udf76 \u00c9talez la cr\u00e8me p\u00e2tissi\u00e8re sur le fond de tarte refroidi.<\/li>\n<li>\ud83c\udf53 Disposez les fraises fra\u00eeches ou d\u00e9congel\u00e9es sur la cr\u00e8me.<\/li>\n<li>\u2744\ufe0f Placez la tarte au r\u00e9frig\u00e9rateur pour la laisser refroidir et bien prendre.<\/li>\n<\/ol>\n<hr \/>\n<h2>\ud83d\udd52 <strong>Conservation<\/strong><\/h2>\n<ul>\n<li>Cette tarte peut \u00eatre consomm\u00e9e sur plusieurs jours, parfaite pour plusieurs personnes !<\/li>\n<\/ul>\n<hr \/>\n<p>\ud83d\udca1 <strong>Astuce gourmande :<\/strong> Pour un effet encore plus app\u00e9tissant, saupoudrez l\u00e9g\u00e8rement de cacao d\u00e9graiss\u00e9 ou ajoutez quelques feuilles de menthe en d\u00e9coration.<\/p>\n<hr \/>\n<p><strong>Bon app\u00e9tit !<\/strong> \ud83d\ude0b<\/p>\n<\/div>\n<\/div>\n","protected":false},"excerpt":{"rendered":"<p>Recette de Adeline Misak \ud83d\uded2 Ingr\u00e9dients P\u00e2te \u00e0 tarte : \ud83e\udd44 200 g d\u2019okara frais \ud83e\udd5a 1 \u0153uf \ud83e\uddc2 1 pinc\u00e9e de sel \ud83c\udf6c 2 c. \u00e0 soupe d\u2019\u00e9dulcorant Cr\u00e8me&hellip;<\/p>\n","protected":false},"author":1,"featured_media":7352,"comment_status":"open","ping_status":"closed","sticky":false,"template":"","format":"standard","meta":{"wprm-recipe-roundup-name":"","wprm-recipe-roundup-description":"","_jetpack_memberships_contains_paid_content":false,"footnotes":""},"categories":[4],"tags":[62],"class_list":["post-7344","post","type-post","status-publish","format-standard","has-post-thumbnail","hentry","category-sucre","tag-croisiere-pl"],"yoast_head":"<!-- This site is optimized with the Yoast SEO plugin v27.2 - https:\/\/yoast.com\/product\/yoast-seo-wordpress\/ -->\n<title>\ud83c\udf53 Tarte aux Fraises Dukan okara - Se faire plaisir<\/title>\n<meta name=\"robots\" content=\"index, follow, max-snippet:-1, max-image-preview:large, max-video-preview:-1\" \/>\n<link rel=\"canonical\" href=\"https:\/\/dukanette.fr\/?p=7344\" \/>\n<meta property=\"og:locale\" content=\"fr_FR\" \/>\n<meta property=\"og:type\" content=\"article\" \/>\n<meta property=\"og:title\" content=\"\ud83c\udf53 Tarte aux Fraises Dukan okara - Se faire plaisir\" \/>\n<meta property=\"og:description\" content=\"Recette de Adeline Misak \ud83d\uded2 Ingr\u00e9dients P\u00e2te \u00e0 tarte : \ud83e\udd44 200 g d\u2019okara frais \ud83e\udd5a 1 \u0153uf \ud83e\uddc2 1 pinc\u00e9e de sel \ud83c\udf6c 2 c. \u00e0 soupe d\u2019\u00e9dulcorant Cr\u00e8me&hellip;\" \/>\n<meta property=\"og:url\" content=\"https:\/\/dukanette.fr\/?p=7344\" \/>\n<meta property=\"og:site_name\" content=\"Se faire plaisir\" \/>\n<meta property=\"article:publisher\" content=\"https:\/\/www.facebook.com\/ptitedukanette\" \/>\n<meta property=\"article:published_time\" content=\"2024-08-02T19:14:01+00:00\" \/>\n<meta property=\"article:modified_time\" content=\"2025-01-18T13:18:35+00:00\" \/>\n<meta property=\"og:image\" content=\"https:\/\/dukanette.fr\/wp-content\/uploads\/2024\/08\/453771237_27003230419275771_487773534406587178_n.jpg\" \/>\n\t<meta property=\"og:image:width\" content=\"1536\" \/>\n\t<meta property=\"og:image:height\" content=\"2048\" \/>\n\t<meta property=\"og:image:type\" content=\"image\/jpeg\" \/>\n<meta name=\"author\" content=\"Nathalie\" \/>\n<meta name=\"twitter:card\" content=\"summary_large_image\" \/>\n<meta name=\"twitter:label1\" content=\"\u00c9crit par\" \/>\n\t<meta name=\"twitter:data1\" content=\"Nathalie\" \/>\n\t<meta name=\"twitter:label2\" content=\"Dur\u00e9e de lecture estim\u00e9e\" \/>\n\t<meta name=\"twitter:data2\" content=\"2 minutes\" \/>\n<script type=\"application\/ld+json\" class=\"yoast-schema-graph\">{\"@context\":\"https:\/\/schema.org\",\"@graph\":[{\"@type\":\"Article\",\"@id\":\"https:\/\/dukanette.fr\/?p=7344#article\",\"isPartOf\":{\"@id\":\"https:\/\/dukanette.fr\/?p=7344\"},\"author\":{\"name\":\"Nathalie\",\"@id\":\"https:\/\/dukanette.fr\/#\/schema\/person\/29a18a2e65b28473696b7464a7b4616f\"},\"headline\":\"\ud83c\udf53 Tarte aux Fraises Dukan okara\",\"datePublished\":\"2024-08-02T19:14:01+00:00\",\"dateModified\":\"2025-01-18T13:18:35+00:00\",\"mainEntityOfPage\":{\"@id\":\"https:\/\/dukanette.fr\/?p=7344\"},\"wordCount\":267,\"commentCount\":0,\"image\":{\"@id\":\"https:\/\/dukanette.fr\/?p=7344#primaryimage\"},\"thumbnailUrl\":\"https:\/\/dukanette.fr\/wp-content\/uploads\/2024\/08\/453771237_27003230419275771_487773534406587178_n.jpg\",\"keywords\":[\"croisi\u00e8re PL\"],\"articleSection\":[\"Sucr\u00e9\"],\"inLanguage\":\"fr-FR\",\"potentialAction\":[{\"@type\":\"CommentAction\",\"name\":\"Comment\",\"target\":[\"https:\/\/dukanette.fr\/?p=7344#respond\"]}]},{\"@type\":\"WebPage\",\"@id\":\"https:\/\/dukanette.fr\/?p=7344\",\"url\":\"https:\/\/dukanette.fr\/?p=7344\",\"name\":\"\ud83c\udf53 Tarte aux Fraises Dukan okara - Se faire plaisir\",\"isPartOf\":{\"@id\":\"https:\/\/dukanette.fr\/#website\"},\"primaryImageOfPage\":{\"@id\":\"https:\/\/dukanette.fr\/?p=7344#primaryimage\"},\"image\":{\"@id\":\"https:\/\/dukanette.fr\/?p=7344#primaryimage\"},\"thumbnailUrl\":\"https:\/\/dukanette.fr\/wp-content\/uploads\/2024\/08\/453771237_27003230419275771_487773534406587178_n.jpg\",\"datePublished\":\"2024-08-02T19:14:01+00:00\",\"dateModified\":\"2025-01-18T13:18:35+00:00\",\"author\":{\"@id\":\"https:\/\/dukanette.fr\/#\/schema\/person\/29a18a2e65b28473696b7464a7b4616f\"},\"breadcrumb\":{\"@id\":\"https:\/\/dukanette.fr\/?p=7344#breadcrumb\"},\"inLanguage\":\"fr-FR\",\"potentialAction\":[{\"@type\":\"ReadAction\",\"target\":[\"https:\/\/dukanette.fr\/?p=7344\"]}]},{\"@type\":\"ImageObject\",\"inLanguage\":\"fr-FR\",\"@id\":\"https:\/\/dukanette.fr\/?p=7344#primaryimage\",\"url\":\"https:\/\/dukanette.fr\/wp-content\/uploads\/2024\/08\/453771237_27003230419275771_487773534406587178_n.jpg\",\"contentUrl\":\"https:\/\/dukanette.fr\/wp-content\/uploads\/2024\/08\/453771237_27003230419275771_487773534406587178_n.jpg\",\"width\":1536,\"height\":2048},{\"@type\":\"BreadcrumbList\",\"@id\":\"https:\/\/dukanette.fr\/?p=7344#breadcrumb\",\"itemListElement\":[{\"@type\":\"ListItem\",\"position\":1,\"name\":\"Accueil\",\"item\":\"https:\/\/dukanette.fr\/\"},{\"@type\":\"ListItem\",\"position\":2,\"name\":\"\ud83c\udf53 Tarte aux Fraises Dukan okara\"}]},{\"@type\":\"WebSite\",\"@id\":\"https:\/\/dukanette.fr\/#website\",\"url\":\"https:\/\/dukanette.fr\/\",\"name\":\"Maigrir en se faisant plaisir\",\"description\":\"Blog dukan de choupette\",\"potentialAction\":[{\"@type\":\"SearchAction\",\"target\":{\"@type\":\"EntryPoint\",\"urlTemplate\":\"https:\/\/dukanette.fr\/?s={search_term_string}\"},\"query-input\":{\"@type\":\"PropertyValueSpecification\",\"valueRequired\":true,\"valueName\":\"search_term_string\"}}],\"inLanguage\":\"fr-FR\"},{\"@type\":\"Person\",\"@id\":\"https:\/\/dukanette.fr\/#\/schema\/person\/29a18a2e65b28473696b7464a7b4616f\",\"name\":\"Nathalie\",\"image\":{\"@type\":\"ImageObject\",\"inLanguage\":\"fr-FR\",\"@id\":\"https:\/\/secure.gravatar.com\/avatar\/ee01839dc6049b7f398e764314b56d1f3d458829a172b8717953e96bf997a099?s=96&d=mm&r=g\",\"url\":\"https:\/\/secure.gravatar.com\/avatar\/ee01839dc6049b7f398e764314b56d1f3d458829a172b8717953e96bf997a099?s=96&d=mm&r=g\",\"contentUrl\":\"https:\/\/secure.gravatar.com\/avatar\/ee01839dc6049b7f398e764314b56d1f3d458829a172b8717953e96bf997a099?s=96&d=mm&r=g\",\"caption\":\"Nathalie\"},\"url\":\"https:\/\/dukanette.fr\/?author=1\"}]}<\/script>\n<!-- \/ Yoast SEO plugin. -->","yoast_head_json":{"title":"\ud83c\udf53 Tarte aux Fraises Dukan okara - Se faire plaisir","robots":{"index":"index","follow":"follow","max-snippet":"max-snippet:-1","max-image-preview":"max-image-preview:large","max-video-preview":"max-video-preview:-1"},"canonical":"https:\/\/dukanette.fr\/?p=7344","og_locale":"fr_FR","og_type":"article","og_title":"\ud83c\udf53 Tarte aux Fraises Dukan okara - Se faire plaisir","og_description":"Recette de Adeline Misak \ud83d\uded2 Ingr\u00e9dients P\u00e2te \u00e0 tarte : \ud83e\udd44 200 g d\u2019okara frais \ud83e\udd5a 1 \u0153uf \ud83e\uddc2 1 pinc\u00e9e de sel \ud83c\udf6c 2 c. \u00e0 soupe d\u2019\u00e9dulcorant Cr\u00e8me&hellip;","og_url":"https:\/\/dukanette.fr\/?p=7344","og_site_name":"Se faire plaisir","article_publisher":"https:\/\/www.facebook.com\/ptitedukanette","article_published_time":"2024-08-02T19:14:01+00:00","article_modified_time":"2025-01-18T13:18:35+00:00","og_image":[{"width":1536,"height":2048,"url":"https:\/\/dukanette.fr\/wp-content\/uploads\/2024\/08\/453771237_27003230419275771_487773534406587178_n.jpg","type":"image\/jpeg"}],"author":"Nathalie","twitter_card":"summary_large_image","twitter_misc":{"\u00c9crit par":"Nathalie","Dur\u00e9e de lecture estim\u00e9e":"2 minutes"},"schema":{"@context":"https:\/\/schema.org","@graph":[{"@type":"Article","@id":"https:\/\/dukanette.fr\/?p=7344#article","isPartOf":{"@id":"https:\/\/dukanette.fr\/?p=7344"},"author":{"name":"Nathalie","@id":"https:\/\/dukanette.fr\/#\/schema\/person\/29a18a2e65b28473696b7464a7b4616f"},"headline":"\ud83c\udf53 Tarte aux Fraises Dukan okara","datePublished":"2024-08-02T19:14:01+00:00","dateModified":"2025-01-18T13:18:35+00:00","mainEntityOfPage":{"@id":"https:\/\/dukanette.fr\/?p=7344"},"wordCount":267,"commentCount":0,"image":{"@id":"https:\/\/dukanette.fr\/?p=7344#primaryimage"},"thumbnailUrl":"https:\/\/dukanette.fr\/wp-content\/uploads\/2024\/08\/453771237_27003230419275771_487773534406587178_n.jpg","keywords":["croisi\u00e8re PL"],"articleSection":["Sucr\u00e9"],"inLanguage":"fr-FR","potentialAction":[{"@type":"CommentAction","name":"Comment","target":["https:\/\/dukanette.fr\/?p=7344#respond"]}]},{"@type":"WebPage","@id":"https:\/\/dukanette.fr\/?p=7344","url":"https:\/\/dukanette.fr\/?p=7344","name":"\ud83c\udf53 Tarte aux Fraises Dukan okara - Se faire plaisir","isPartOf":{"@id":"https:\/\/dukanette.fr\/#website"},"primaryImageOfPage":{"@id":"https:\/\/dukanette.fr\/?p=7344#primaryimage"},"image":{"@id":"https:\/\/dukanette.fr\/?p=7344#primaryimage"},"thumbnailUrl":"https:\/\/dukanette.fr\/wp-content\/uploads\/2024\/08\/453771237_27003230419275771_487773534406587178_n.jpg","datePublished":"2024-08-02T19:14:01+00:00","dateModified":"2025-01-18T13:18:35+00:00","author":{"@id":"https:\/\/dukanette.fr\/#\/schema\/person\/29a18a2e65b28473696b7464a7b4616f"},"breadcrumb":{"@id":"https:\/\/dukanette.fr\/?p=7344#breadcrumb"},"inLanguage":"fr-FR","potentialAction":[{"@type":"ReadAction","target":["https:\/\/dukanette.fr\/?p=7344"]}]},{"@type":"ImageObject","inLanguage":"fr-FR","@id":"https:\/\/dukanette.fr\/?p=7344#primaryimage","url":"https:\/\/dukanette.fr\/wp-content\/uploads\/2024\/08\/453771237_27003230419275771_487773534406587178_n.jpg","contentUrl":"https:\/\/dukanette.fr\/wp-content\/uploads\/2024\/08\/453771237_27003230419275771_487773534406587178_n.jpg","width":1536,"height":2048},{"@type":"BreadcrumbList","@id":"https:\/\/dukanette.fr\/?p=7344#breadcrumb","itemListElement":[{"@type":"ListItem","position":1,"name":"Accueil","item":"https:\/\/dukanette.fr\/"},{"@type":"ListItem","position":2,"name":"\ud83c\udf53 Tarte aux Fraises Dukan okara"}]},{"@type":"WebSite","@id":"https:\/\/dukanette.fr\/#website","url":"https:\/\/dukanette.fr\/","name":"Maigrir en se faisant plaisir","description":"Blog dukan de choupette","potentialAction":[{"@type":"SearchAction","target":{"@type":"EntryPoint","urlTemplate":"https:\/\/dukanette.fr\/?s={search_term_string}"},"query-input":{"@type":"PropertyValueSpecification","valueRequired":true,"valueName":"search_term_string"}}],"inLanguage":"fr-FR"},{"@type":"Person","@id":"https:\/\/dukanette.fr\/#\/schema\/person\/29a18a2e65b28473696b7464a7b4616f","name":"Nathalie","image":{"@type":"ImageObject","inLanguage":"fr-FR","@id":"https:\/\/secure.gravatar.com\/avatar\/ee01839dc6049b7f398e764314b56d1f3d458829a172b8717953e96bf997a099?s=96&d=mm&r=g","url":"https:\/\/secure.gravatar.com\/avatar\/ee01839dc6049b7f398e764314b56d1f3d458829a172b8717953e96bf997a099?s=96&d=mm&r=g","contentUrl":"https:\/\/secure.gravatar.com\/avatar\/ee01839dc6049b7f398e764314b56d1f3d458829a172b8717953e96bf997a099?s=96&d=mm&r=g","caption":"Nathalie"},"url":"https:\/\/dukanette.fr\/?author=1"}]}},"jetpack_featured_media_url":"https:\/\/dukanette.fr\/wp-content\/uploads\/2024\/08\/453771237_27003230419275771_487773534406587178_n.jpg","jetpack_sharing_enabled":true,"_links":{"self":[{"href":"https:\/\/dukanette.fr\/index.php?rest_route=\/wp\/v2\/posts\/7344","targetHints":{"allow":["GET"]}}],"collection":[{"href":"https:\/\/dukanette.fr\/index.php?rest_route=\/wp\/v2\/posts"}],"about":[{"href":"https:\/\/dukanette.fr\/index.php?rest_route=\/wp\/v2\/types\/post"}],"author":[{"embeddable":true,"href":"https:\/\/dukanette.fr\/index.php?rest_route=\/wp\/v2\/users\/1"}],"replies":[{"embeddable":true,"href":"https:\/\/dukanette.fr\/index.php?rest_route=%2Fwp%2Fv2%2Fcomments&post=7344"}],"version-history":[{"count":4,"href":"https:\/\/dukanette.fr\/index.php?rest_route=\/wp\/v2\/posts\/7344\/revisions"}],"predecessor-version":[{"id":7452,"href":"https:\/\/dukanette.fr\/index.php?rest_route=\/wp\/v2\/posts\/7344\/revisions\/7452"}],"wp:featuredmedia":[{"embeddable":true,"href":"https:\/\/dukanette.fr\/index.php?rest_route=\/wp\/v2\/media\/7352"}],"wp:attachment":[{"href":"https:\/\/dukanette.fr\/index.php?rest_route=%2Fwp%2Fv2%2Fmedia&parent=7344"}],"wp:term":[{"taxonomy":"category","embeddable":true,"href":"https:\/\/dukanette.fr\/index.php?rest_route=%2Fwp%2Fv2%2Fcategories&post=7344"},{"taxonomy":"post_tag","embeddable":true,"href":"https:\/\/dukanette.fr\/index.php?rest_route=%2Fwp%2Fv2%2Ftags&post=7344"}],"curies":[{"name":"wp","href":"https:\/\/api.w.org\/{rel}","templated":true}]}}