{"id":7356,"date":"2024-08-22T12:59:49","date_gmt":"2024-08-22T10:59:49","guid":{"rendered":"https:\/\/dukanette.fr\/?p=7356"},"modified":"2025-01-27T12:11:08","modified_gmt":"2025-01-27T11:11:08","slug":"tarte-au-yaourts","status":"publish","type":"post","link":"https:\/\/dukanette.fr\/?p=7356","title":{"rendered":"Tarte au Yaourt L\u00e9ger et Moelleux"},"content":{"rendered":"<h4>\ud83d\udcdd <strong>Ingr\u00e9dients pour 4 personnes :<\/strong><\/h4>\n<ul>\n<li>\ud83e\udd5a <strong>2 \u0153ufs<\/strong><\/li>\n<li>\ud83c\udf6f <strong>4 sachets d&rsquo;\u00e9dulcorant<\/strong> (r\u00e9duire la quantit\u00e9 si vous utilisez des yaourts aromatis\u00e9s, \u00e0 go\u00fbter)<\/li>\n<li>\ud83e\udd5b <strong>3 yaourts nature 0% ou aromatis\u00e9s<\/strong><\/li>\n<li>\ud83c\udf3e <strong>2 cuill\u00e8res \u00e0 soupe de ma\u00efzena<\/strong><\/li>\n<li>\ud83e\uddc8 <strong>2 cuill\u00e8res \u00e0 soupe de beurre fondu (20 \u00e0 25 g)<\/strong> ou huile de coco (1 tol\u00e9r\u00e9)<\/li>\n<\/ul>\n<hr \/>\n<h4>\ud83d\udc69\u200d\ud83c\udf73 <strong>Pr\u00e9paration :<\/strong><\/h4>\n<p>1\ufe0f\u20e3 <strong>Pr\u00e9parer la base :<\/strong><\/p>\n<ul>\n<li>Dans un saladier, fouettez \ud83e\udd44 les \u0153ufs \ud83e\udd5a avec l&rsquo;\u00e9dulcorant \ud83c\udf6f jusqu&rsquo;\u00e0 obtenir un m\u00e9lange bien mousseux.<\/li>\n<\/ul>\n<p>2\ufe0f\u20e3 <strong>Incorporer les yaourts :<\/strong><\/p>\n<ul>\n<li>Ajoutez les 3 yaourts nature \ud83e\udd5b (ou aromatis\u00e9s) au m\u00e9lange, puis fouettez \u00e0 nouveau.<\/li>\n<\/ul>\n<p>3\ufe0f\u20e3 <strong>Ajouter les mati\u00e8res grasses et la ma\u00efzena :<\/strong><\/p>\n<ul>\n<li>Versez le beurre fondu \ud83e\uddc8 (ou l&rsquo;huile de coco \ud83e\udd65) et m\u00e9langez bien.<\/li>\n<li>Incorporez la ma\u00efzena \ud83c\udf3e tout en fouettant pour \u00e9viter les grumeaux.<\/li>\n<\/ul>\n<p>4\ufe0f\u20e3 <strong>Pr\u00e9parer le moule :<\/strong><\/p>\n<ul>\n<li>Tapissez un petit moule (environ 23 cm de diam\u00e8tre) avec du papier sulfuris\u00e9 \ud83d\udcdc.<\/li>\n<\/ul>\n<p>5\ufe0f\u20e3 <strong>Cuisson :<\/strong><\/p>\n<ul>\n<li>Faites cuire au four pr\u00e9chauff\u00e9 \u00e0 <strong>180\u00b0C<\/strong> \ud83d\udd25 (chaleur tournante) pendant <strong>35 minutes<\/strong> \u23f1\ufe0f.<\/li>\n<li>Surveillez la cuisson, la surface doit \u00eatre l\u00e9g\u00e8rement dor\u00e9e \u2728.<\/li>\n<\/ul>\n<p>6\ufe0f\u20e3 <strong>Finition :<\/strong><\/p>\n<ul>\n<li>Laissez ti\u00e9dir le g\u00e2teau \ud83e\udd6e avant de le d\u00e9mouler, puis placez-le au frais \u2744\ufe0f pour une texture encore plus agr\u00e9able.<\/li>\n<\/ul>\n<hr \/>\n<h4>\ud83c\udf1f <strong>Astuce :<\/strong><\/h4>\n<p>Ajoutez quelques gouttes d\u2019ar\u00f4me (vanille \ud83c\udf3c, citron \ud83c\udf4b, fleur d\u2019oranger \ud83c\udf38) pour varier les saveurs selon vos envies.<\/p>\n<hr \/>\n<p><strong>Bonne d\u00e9gustation !<\/strong> \ud83d\ude0d\ud83c\udf74<\/p>\n<hr \/>\n<p>&nbsp;<\/p>\n<ul>\n<li><\/li>\n<\/ul>\n<hr \/>\n<p>&nbsp;<\/p>\n","protected":false},"excerpt":{"rendered":"<p>\ud83d\udcdd Ingr\u00e9dients pour 4 personnes : \ud83e\udd5a 2 \u0153ufs \ud83c\udf6f 4 sachets d&rsquo;\u00e9dulcorant (r\u00e9duire la quantit\u00e9 si vous utilisez des yaourts aromatis\u00e9s, \u00e0 go\u00fbter) \ud83e\udd5b 3 yaourts nature 0% ou&hellip;<\/p>\n","protected":false},"author":1,"featured_media":7357,"comment_status":"open","ping_status":"closed","sticky":false,"template":"","format":"standard","meta":{"wprm-recipe-roundup-name":"","wprm-recipe-roundup-description":"","_jetpack_memberships_contains_paid_content":false,"footnotes":""},"categories":[2,4],"tags":[62],"class_list":["post-7356","post","type-post","status-publish","format-standard","has-post-thumbnail","hentry","category-recette","category-sucre","tag-croisiere-pl"],"yoast_head":"<!-- This site is optimized with the Yoast SEO plugin v27.2 - https:\/\/yoast.com\/product\/yoast-seo-wordpress\/ -->\n<title>Tarte au Yaourt L\u00e9ger et Moelleux - Se faire plaisir<\/title>\n<meta name=\"robots\" content=\"index, follow, max-snippet:-1, max-image-preview:large, max-video-preview:-1\" \/>\n<link rel=\"canonical\" href=\"https:\/\/dukanette.fr\/?p=7356\" \/>\n<meta property=\"og:locale\" content=\"fr_FR\" \/>\n<meta property=\"og:type\" content=\"article\" \/>\n<meta property=\"og:title\" content=\"Tarte au Yaourt L\u00e9ger et Moelleux - Se faire plaisir\" \/>\n<meta property=\"og:description\" content=\"\ud83d\udcdd Ingr\u00e9dients pour 4 personnes : \ud83e\udd5a 2 \u0153ufs \ud83c\udf6f 4 sachets d&rsquo;\u00e9dulcorant (r\u00e9duire la quantit\u00e9 si vous utilisez des yaourts aromatis\u00e9s, \u00e0 go\u00fbter) \ud83e\udd5b 3 yaourts nature 0% ou&hellip;\" \/>\n<meta property=\"og:url\" content=\"https:\/\/dukanette.fr\/?p=7356\" \/>\n<meta property=\"og:site_name\" content=\"Se faire plaisir\" \/>\n<meta property=\"article:publisher\" content=\"https:\/\/www.facebook.com\/ptitedukanette\" \/>\n<meta property=\"article:published_time\" content=\"2024-08-22T10:59:49+00:00\" \/>\n<meta property=\"article:modified_time\" content=\"2025-01-27T11:11:08+00:00\" \/>\n<meta property=\"og:image\" content=\"https:\/\/dukanette.fr\/wp-content\/uploads\/2024\/08\/456375552_27219815684283909_6785809634394106045_n.jpg\" \/>\n\t<meta property=\"og:image:width\" content=\"1536\" \/>\n\t<meta property=\"og:image:height\" content=\"2048\" \/>\n\t<meta property=\"og:image:type\" content=\"image\/jpeg\" \/>\n<meta name=\"author\" content=\"Nathalie\" \/>\n<meta name=\"twitter:card\" content=\"summary_large_image\" \/>\n<meta name=\"twitter:label1\" content=\"\u00c9crit par\" \/>\n\t<meta name=\"twitter:data1\" content=\"Nathalie\" \/>\n\t<meta name=\"twitter:label2\" content=\"Dur\u00e9e de lecture estim\u00e9e\" \/>\n\t<meta name=\"twitter:data2\" content=\"2 minutes\" \/>\n<script type=\"application\/ld+json\" class=\"yoast-schema-graph\">{\"@context\":\"https:\/\/schema.org\",\"@graph\":[{\"@type\":\"Article\",\"@id\":\"https:\/\/dukanette.fr\/?p=7356#article\",\"isPartOf\":{\"@id\":\"https:\/\/dukanette.fr\/?p=7356\"},\"author\":{\"name\":\"Nathalie\",\"@id\":\"https:\/\/dukanette.fr\/#\/schema\/person\/29a18a2e65b28473696b7464a7b4616f\"},\"headline\":\"Tarte au Yaourt L\u00e9ger et Moelleux\",\"datePublished\":\"2024-08-22T10:59:49+00:00\",\"dateModified\":\"2025-01-27T11:11:08+00:00\",\"mainEntityOfPage\":{\"@id\":\"https:\/\/dukanette.fr\/?p=7356\"},\"wordCount\":211,\"commentCount\":0,\"image\":{\"@id\":\"https:\/\/dukanette.fr\/?p=7356#primaryimage\"},\"thumbnailUrl\":\"https:\/\/dukanette.fr\/wp-content\/uploads\/2024\/08\/456375552_27219815684283909_6785809634394106045_n.jpg\",\"keywords\":[\"croisi\u00e8re PL\"],\"articleSection\":[\"Recette\",\"Sucr\u00e9\"],\"inLanguage\":\"fr-FR\",\"potentialAction\":[{\"@type\":\"CommentAction\",\"name\":\"Comment\",\"target\":[\"https:\/\/dukanette.fr\/?p=7356#respond\"]}]},{\"@type\":\"WebPage\",\"@id\":\"https:\/\/dukanette.fr\/?p=7356\",\"url\":\"https:\/\/dukanette.fr\/?p=7356\",\"name\":\"Tarte au Yaourt L\u00e9ger et Moelleux - Se faire plaisir\",\"isPartOf\":{\"@id\":\"https:\/\/dukanette.fr\/#website\"},\"primaryImageOfPage\":{\"@id\":\"https:\/\/dukanette.fr\/?p=7356#primaryimage\"},\"image\":{\"@id\":\"https:\/\/dukanette.fr\/?p=7356#primaryimage\"},\"thumbnailUrl\":\"https:\/\/dukanette.fr\/wp-content\/uploads\/2024\/08\/456375552_27219815684283909_6785809634394106045_n.jpg\",\"datePublished\":\"2024-08-22T10:59:49+00:00\",\"dateModified\":\"2025-01-27T11:11:08+00:00\",\"author\":{\"@id\":\"https:\/\/dukanette.fr\/#\/schema\/person\/29a18a2e65b28473696b7464a7b4616f\"},\"breadcrumb\":{\"@id\":\"https:\/\/dukanette.fr\/?p=7356#breadcrumb\"},\"inLanguage\":\"fr-FR\",\"potentialAction\":[{\"@type\":\"ReadAction\",\"target\":[\"https:\/\/dukanette.fr\/?p=7356\"]}]},{\"@type\":\"ImageObject\",\"inLanguage\":\"fr-FR\",\"@id\":\"https:\/\/dukanette.fr\/?p=7356#primaryimage\",\"url\":\"https:\/\/dukanette.fr\/wp-content\/uploads\/2024\/08\/456375552_27219815684283909_6785809634394106045_n.jpg\",\"contentUrl\":\"https:\/\/dukanette.fr\/wp-content\/uploads\/2024\/08\/456375552_27219815684283909_6785809634394106045_n.jpg\",\"width\":1536,\"height\":2048},{\"@type\":\"BreadcrumbList\",\"@id\":\"https:\/\/dukanette.fr\/?p=7356#breadcrumb\",\"itemListElement\":[{\"@type\":\"ListItem\",\"position\":1,\"name\":\"Accueil\",\"item\":\"https:\/\/dukanette.fr\/\"},{\"@type\":\"ListItem\",\"position\":2,\"name\":\"Tarte au Yaourt L\u00e9ger et Moelleux\"}]},{\"@type\":\"WebSite\",\"@id\":\"https:\/\/dukanette.fr\/#website\",\"url\":\"https:\/\/dukanette.fr\/\",\"name\":\"Maigrir en se faisant plaisir\",\"description\":\"Blog dukan de choupette\",\"potentialAction\":[{\"@type\":\"SearchAction\",\"target\":{\"@type\":\"EntryPoint\",\"urlTemplate\":\"https:\/\/dukanette.fr\/?s={search_term_string}\"},\"query-input\":{\"@type\":\"PropertyValueSpecification\",\"valueRequired\":true,\"valueName\":\"search_term_string\"}}],\"inLanguage\":\"fr-FR\"},{\"@type\":\"Person\",\"@id\":\"https:\/\/dukanette.fr\/#\/schema\/person\/29a18a2e65b28473696b7464a7b4616f\",\"name\":\"Nathalie\",\"image\":{\"@type\":\"ImageObject\",\"inLanguage\":\"fr-FR\",\"@id\":\"https:\/\/secure.gravatar.com\/avatar\/ee01839dc6049b7f398e764314b56d1f3d458829a172b8717953e96bf997a099?s=96&d=mm&r=g\",\"url\":\"https:\/\/secure.gravatar.com\/avatar\/ee01839dc6049b7f398e764314b56d1f3d458829a172b8717953e96bf997a099?s=96&d=mm&r=g\",\"contentUrl\":\"https:\/\/secure.gravatar.com\/avatar\/ee01839dc6049b7f398e764314b56d1f3d458829a172b8717953e96bf997a099?s=96&d=mm&r=g\",\"caption\":\"Nathalie\"},\"url\":\"https:\/\/dukanette.fr\/?author=1\"}]}<\/script>\n<!-- \/ Yoast SEO plugin. -->","yoast_head_json":{"title":"Tarte au Yaourt L\u00e9ger et Moelleux - Se faire plaisir","robots":{"index":"index","follow":"follow","max-snippet":"max-snippet:-1","max-image-preview":"max-image-preview:large","max-video-preview":"max-video-preview:-1"},"canonical":"https:\/\/dukanette.fr\/?p=7356","og_locale":"fr_FR","og_type":"article","og_title":"Tarte au Yaourt L\u00e9ger et Moelleux - Se faire plaisir","og_description":"\ud83d\udcdd Ingr\u00e9dients pour 4 personnes : \ud83e\udd5a 2 \u0153ufs \ud83c\udf6f 4 sachets d&rsquo;\u00e9dulcorant (r\u00e9duire la quantit\u00e9 si vous utilisez des yaourts aromatis\u00e9s, \u00e0 go\u00fbter) \ud83e\udd5b 3 yaourts nature 0% ou&hellip;","og_url":"https:\/\/dukanette.fr\/?p=7356","og_site_name":"Se faire plaisir","article_publisher":"https:\/\/www.facebook.com\/ptitedukanette","article_published_time":"2024-08-22T10:59:49+00:00","article_modified_time":"2025-01-27T11:11:08+00:00","og_image":[{"width":1536,"height":2048,"url":"https:\/\/dukanette.fr\/wp-content\/uploads\/2024\/08\/456375552_27219815684283909_6785809634394106045_n.jpg","type":"image\/jpeg"}],"author":"Nathalie","twitter_card":"summary_large_image","twitter_misc":{"\u00c9crit par":"Nathalie","Dur\u00e9e de lecture estim\u00e9e":"2 minutes"},"schema":{"@context":"https:\/\/schema.org","@graph":[{"@type":"Article","@id":"https:\/\/dukanette.fr\/?p=7356#article","isPartOf":{"@id":"https:\/\/dukanette.fr\/?p=7356"},"author":{"name":"Nathalie","@id":"https:\/\/dukanette.fr\/#\/schema\/person\/29a18a2e65b28473696b7464a7b4616f"},"headline":"Tarte au Yaourt L\u00e9ger et Moelleux","datePublished":"2024-08-22T10:59:49+00:00","dateModified":"2025-01-27T11:11:08+00:00","mainEntityOfPage":{"@id":"https:\/\/dukanette.fr\/?p=7356"},"wordCount":211,"commentCount":0,"image":{"@id":"https:\/\/dukanette.fr\/?p=7356#primaryimage"},"thumbnailUrl":"https:\/\/dukanette.fr\/wp-content\/uploads\/2024\/08\/456375552_27219815684283909_6785809634394106045_n.jpg","keywords":["croisi\u00e8re PL"],"articleSection":["Recette","Sucr\u00e9"],"inLanguage":"fr-FR","potentialAction":[{"@type":"CommentAction","name":"Comment","target":["https:\/\/dukanette.fr\/?p=7356#respond"]}]},{"@type":"WebPage","@id":"https:\/\/dukanette.fr\/?p=7356","url":"https:\/\/dukanette.fr\/?p=7356","name":"Tarte au Yaourt L\u00e9ger et Moelleux - Se faire plaisir","isPartOf":{"@id":"https:\/\/dukanette.fr\/#website"},"primaryImageOfPage":{"@id":"https:\/\/dukanette.fr\/?p=7356#primaryimage"},"image":{"@id":"https:\/\/dukanette.fr\/?p=7356#primaryimage"},"thumbnailUrl":"https:\/\/dukanette.fr\/wp-content\/uploads\/2024\/08\/456375552_27219815684283909_6785809634394106045_n.jpg","datePublished":"2024-08-22T10:59:49+00:00","dateModified":"2025-01-27T11:11:08+00:00","author":{"@id":"https:\/\/dukanette.fr\/#\/schema\/person\/29a18a2e65b28473696b7464a7b4616f"},"breadcrumb":{"@id":"https:\/\/dukanette.fr\/?p=7356#breadcrumb"},"inLanguage":"fr-FR","potentialAction":[{"@type":"ReadAction","target":["https:\/\/dukanette.fr\/?p=7356"]}]},{"@type":"ImageObject","inLanguage":"fr-FR","@id":"https:\/\/dukanette.fr\/?p=7356#primaryimage","url":"https:\/\/dukanette.fr\/wp-content\/uploads\/2024\/08\/456375552_27219815684283909_6785809634394106045_n.jpg","contentUrl":"https:\/\/dukanette.fr\/wp-content\/uploads\/2024\/08\/456375552_27219815684283909_6785809634394106045_n.jpg","width":1536,"height":2048},{"@type":"BreadcrumbList","@id":"https:\/\/dukanette.fr\/?p=7356#breadcrumb","itemListElement":[{"@type":"ListItem","position":1,"name":"Accueil","item":"https:\/\/dukanette.fr\/"},{"@type":"ListItem","position":2,"name":"Tarte au Yaourt L\u00e9ger et Moelleux"}]},{"@type":"WebSite","@id":"https:\/\/dukanette.fr\/#website","url":"https:\/\/dukanette.fr\/","name":"Maigrir en se faisant plaisir","description":"Blog dukan de choupette","potentialAction":[{"@type":"SearchAction","target":{"@type":"EntryPoint","urlTemplate":"https:\/\/dukanette.fr\/?s={search_term_string}"},"query-input":{"@type":"PropertyValueSpecification","valueRequired":true,"valueName":"search_term_string"}}],"inLanguage":"fr-FR"},{"@type":"Person","@id":"https:\/\/dukanette.fr\/#\/schema\/person\/29a18a2e65b28473696b7464a7b4616f","name":"Nathalie","image":{"@type":"ImageObject","inLanguage":"fr-FR","@id":"https:\/\/secure.gravatar.com\/avatar\/ee01839dc6049b7f398e764314b56d1f3d458829a172b8717953e96bf997a099?s=96&d=mm&r=g","url":"https:\/\/secure.gravatar.com\/avatar\/ee01839dc6049b7f398e764314b56d1f3d458829a172b8717953e96bf997a099?s=96&d=mm&r=g","contentUrl":"https:\/\/secure.gravatar.com\/avatar\/ee01839dc6049b7f398e764314b56d1f3d458829a172b8717953e96bf997a099?s=96&d=mm&r=g","caption":"Nathalie"},"url":"https:\/\/dukanette.fr\/?author=1"}]}},"jetpack_featured_media_url":"https:\/\/dukanette.fr\/wp-content\/uploads\/2024\/08\/456375552_27219815684283909_6785809634394106045_n.jpg","jetpack_sharing_enabled":true,"_links":{"self":[{"href":"https:\/\/dukanette.fr\/index.php?rest_route=\/wp\/v2\/posts\/7356","targetHints":{"allow":["GET"]}}],"collection":[{"href":"https:\/\/dukanette.fr\/index.php?rest_route=\/wp\/v2\/posts"}],"about":[{"href":"https:\/\/dukanette.fr\/index.php?rest_route=\/wp\/v2\/types\/post"}],"author":[{"embeddable":true,"href":"https:\/\/dukanette.fr\/index.php?rest_route=\/wp\/v2\/users\/1"}],"replies":[{"embeddable":true,"href":"https:\/\/dukanette.fr\/index.php?rest_route=%2Fwp%2Fv2%2Fcomments&post=7356"}],"version-history":[{"count":4,"href":"https:\/\/dukanette.fr\/index.php?rest_route=\/wp\/v2\/posts\/7356\/revisions"}],"predecessor-version":[{"id":7512,"href":"https:\/\/dukanette.fr\/index.php?rest_route=\/wp\/v2\/posts\/7356\/revisions\/7512"}],"wp:featuredmedia":[{"embeddable":true,"href":"https:\/\/dukanette.fr\/index.php?rest_route=\/wp\/v2\/media\/7357"}],"wp:attachment":[{"href":"https:\/\/dukanette.fr\/index.php?rest_route=%2Fwp%2Fv2%2Fmedia&parent=7356"}],"wp:term":[{"taxonomy":"category","embeddable":true,"href":"https:\/\/dukanette.fr\/index.php?rest_route=%2Fwp%2Fv2%2Fcategories&post=7356"},{"taxonomy":"post_tag","embeddable":true,"href":"https:\/\/dukanette.fr\/index.php?rest_route=%2Fwp%2Fv2%2Ftags&post=7356"}],"curies":[{"name":"wp","href":"https:\/\/api.w.org\/{rel}","templated":true}]}}