{"id":7551,"date":"2025-02-08T13:10:33","date_gmt":"2025-02-08T12:10:33","guid":{"rendered":"https:\/\/dukanette.fr\/?p=7551"},"modified":"2025-02-08T13:11:08","modified_gmt":"2025-02-08T12:11:08","slug":"gateau-aux-yaourts-moelleux-au-petit-epeautre-amande-%f0%9f%8d%b0","status":"publish","type":"post","link":"https:\/\/dukanette.fr\/?p=7551","title":{"rendered":"G\u00e2teau aux yaourts Moelleux au Petit \u00c9peautre &#038; Amande \ud83c\udf70"},"content":{"rendered":"<h3>Un g\u00e2teau l\u00e9ger, parfum\u00e9 et parfait pour une pause gourmande !<\/h3>\n<hr \/>\n<h4 style=\"text-align: center;\"><strong>\ud83d\uded2 Ingr\u00e9dients (pour un moule de 25 cm)<\/strong><\/h4>\n<p style=\"text-align: center;\">\ud83e\udd63 <strong>Base du g\u00e2teau :<\/strong><br \/>\n\u2714\ufe0f 2 yaourts nature (125 g chacun)<br \/>\n\u2714\ufe0f 125 g de ma\u00efzena \ud83c\udf3d<br \/>\n\u2714\ufe0f 125 g de farine de petit \u00e9peautre \ud83c\udf3e<br \/>\n\u2714\ufe0f \u00c9dulcorant au go\u00fbt \ud83c\udf6f<br \/>\n\u2714\ufe0f 25 g de poudre d&rsquo;amande \ud83c\udf30<br \/>\n\u2714\ufe0f 1\/2 pot d&rsquo;huile de tournesol \ud83e\uded2<br \/>\n\u2714\ufe0f 3 \u0153ufs \ud83e\udd5a<br \/>\n\u2714\ufe0f 11 g de levure chimique \ud83e\uddc1<br \/>\n\u2714\ufe0f 1 pinc\u00e9e de sel \ud83e\uddc2<br \/>\n\u2714\ufe0f Vanille liquide ou zeste de citron \ud83c\udf4b<\/p>\n<p style=\"text-align: center;\">\u2714\ufe0f\u00a0 1 pinc\u00e9e de bicarbonate pour le moelleux<\/p>\n<p>\ud83c\udf4f <strong>D\u00e9coration (facultatif) :<\/strong><br \/>\n\u2714\ufe0f 1\/2 pomme coup\u00e9e en lamelles<\/p>\n<hr \/>\n<h4><strong>\ud83d\udc69\u200d\ud83c\udf73 \u00c9tapes de Pr\u00e9paration<\/strong><\/h4>\n<p>1\ufe0f\u20e3 <strong>Pr\u00e9chauffez<\/strong> le four \u00e0 <strong>180\u00b0C<\/strong> \ud83d\udd25.<br \/>\n2\ufe0f\u20e3 <strong>Dans un saladier<\/strong>, versez les yaourts et utilisez un pot pour mesurer les autres ingr\u00e9dients \ud83d\udccf.<br \/>\n3\ufe0f\u20e3 <strong>Ajoutez<\/strong> l\u2019\u00e9dulcorant, la farine, la ma\u00efzena, l\u2019huile, le sel, les \u0153ufs, la levure chimique et la vanille \ud83c\udf76.<br \/>\n4\ufe0f\u20e3 <strong>M\u00e9langez<\/strong> avec une <strong>maryse<\/strong> (spatule en plastique plate) jusqu&rsquo;\u00e0 obtenir une p\u00e2te homog\u00e8ne \ud83e\udd44.<br \/>\n5\ufe0f\u20e3 <strong>Ajoutez<\/strong> la poudre d\u2019amande en dernier et m\u00e9langez \u00e0 nouveau \ud83c\udf30.<br \/>\n6\ufe0f\u20e3 <strong>Beurrez<\/strong> un moule \u00e0 cake et <strong>versez-y la p\u00e2te<\/strong> \ud83c\udffa.<br \/>\n7\ufe0f\u20e3 <strong>Disposez<\/strong> les lamelles de pomme sur le dessus \ud83c\udf4f.<br \/>\n8\ufe0f\u20e3 <strong>Enfournez<\/strong> pour <strong>30 \u00e0 40 minutes<\/strong> \u23f3.<br \/>\n9\ufe0f\u20e3 <strong>V\u00e9rifiez la cuisson<\/strong> en plantant la pointe d&rsquo;un couteau au centre : si elle ressort propre, le g\u00e2teau est pr\u00eat ! \ud83d\udd2a<\/p>\n<hr \/>\n<p>\ud83d\udca1 <strong>Astuces &amp; Conseils<\/strong><br \/>\n\u2705 Pour plus de moelleux, laissez ti\u00e9dir avant de d\u00e9mouler.<br \/>\n\u2705 Parfait avec un th\u00e9 ou un caf\u00e9 \u2615.<br \/>\n\u2705 Se conserve 2-3 jours dans une bo\u00eete herm\u00e9tique.<\/p>\n<p>On peut le couper en tranche et le congeler<\/p>\n<p>\u2728 <strong>Bonne d\u00e9gustation !<\/strong> \ud83c\udf7d\ufe0f\ud83e\udd70<\/p>\n","protected":false},"excerpt":{"rendered":"<p>Un g\u00e2teau l\u00e9ger, parfum\u00e9 et parfait pour une pause gourmande ! \ud83d\uded2 Ingr\u00e9dients (pour un moule de 25 cm) \ud83e\udd63 Base du g\u00e2teau : \u2714\ufe0f 2 yaourts nature (125 g&hellip;<\/p>\n","protected":false},"author":1,"featured_media":7552,"comment_status":"open","ping_status":"closed","sticky":false,"template":"","format":"standard","meta":{"wprm-recipe-roundup-name":"","wprm-recipe-roundup-description":"","_jetpack_memberships_contains_paid_content":false,"footnotes":""},"categories":[2,4],"tags":[12],"class_list":["post-7551","post","type-post","status-publish","format-standard","has-post-thumbnail","hentry","category-recette","category-sucre","tag-croisiere"],"yoast_head":"<!-- This site is optimized with the Yoast SEO plugin v27.2 - https:\/\/yoast.com\/product\/yoast-seo-wordpress\/ -->\n<title>G\u00e2teau aux yaourts Moelleux au Petit \u00c9peautre &amp; Amande \ud83c\udf70 - Se faire plaisir<\/title>\n<meta name=\"robots\" content=\"index, follow, max-snippet:-1, max-image-preview:large, max-video-preview:-1\" \/>\n<link rel=\"canonical\" href=\"https:\/\/dukanette.fr\/?p=7551\" \/>\n<meta property=\"og:locale\" content=\"fr_FR\" \/>\n<meta property=\"og:type\" content=\"article\" \/>\n<meta property=\"og:title\" content=\"G\u00e2teau aux yaourts Moelleux au Petit \u00c9peautre &amp; Amande \ud83c\udf70 - Se faire plaisir\" \/>\n<meta property=\"og:description\" content=\"Un g\u00e2teau l\u00e9ger, parfum\u00e9 et parfait pour une pause gourmande ! \ud83d\uded2 Ingr\u00e9dients (pour un moule de 25 cm) \ud83e\udd63 Base du g\u00e2teau : \u2714\ufe0f 2 yaourts nature (125 g&hellip;\" \/>\n<meta property=\"og:url\" content=\"https:\/\/dukanette.fr\/?p=7551\" \/>\n<meta property=\"og:site_name\" content=\"Se faire plaisir\" \/>\n<meta property=\"article:publisher\" content=\"https:\/\/www.facebook.com\/ptitedukanette\" \/>\n<meta property=\"article:published_time\" content=\"2025-02-08T12:10:33+00:00\" \/>\n<meta property=\"article:modified_time\" content=\"2025-02-08T12:11:08+00:00\" \/>\n<meta property=\"og:image\" content=\"https:\/\/dukanette.fr\/wp-content\/uploads\/2025\/02\/476402738_3042235445947518_4283869745128628986_n.jpg\" \/>\n\t<meta property=\"og:image:width\" content=\"828\" \/>\n\t<meta property=\"og:image:height\" content=\"1104\" \/>\n\t<meta property=\"og:image:type\" content=\"image\/jpeg\" \/>\n<meta name=\"author\" content=\"Nathalie\" \/>\n<meta name=\"twitter:card\" content=\"summary_large_image\" \/>\n<meta name=\"twitter:label1\" content=\"\u00c9crit par\" \/>\n\t<meta name=\"twitter:data1\" content=\"Nathalie\" \/>\n\t<meta name=\"twitter:label2\" content=\"Dur\u00e9e de lecture estim\u00e9e\" \/>\n\t<meta name=\"twitter:data2\" content=\"2 minutes\" \/>\n<script type=\"application\/ld+json\" class=\"yoast-schema-graph\">{\"@context\":\"https:\/\/schema.org\",\"@graph\":[{\"@type\":\"Article\",\"@id\":\"https:\/\/dukanette.fr\/?p=7551#article\",\"isPartOf\":{\"@id\":\"https:\/\/dukanette.fr\/?p=7551\"},\"author\":{\"name\":\"Nathalie\",\"@id\":\"https:\/\/dukanette.fr\/#\/schema\/person\/29a18a2e65b28473696b7464a7b4616f\"},\"headline\":\"G\u00e2teau aux yaourts Moelleux au Petit \u00c9peautre &#038; Amande \ud83c\udf70\",\"datePublished\":\"2025-02-08T12:10:33+00:00\",\"dateModified\":\"2025-02-08T12:11:08+00:00\",\"mainEntityOfPage\":{\"@id\":\"https:\/\/dukanette.fr\/?p=7551\"},\"wordCount\":248,\"commentCount\":0,\"image\":{\"@id\":\"https:\/\/dukanette.fr\/?p=7551#primaryimage\"},\"thumbnailUrl\":\"https:\/\/dukanette.fr\/wp-content\/uploads\/2025\/02\/476402738_3042235445947518_4283869745128628986_n.jpg\",\"keywords\":[\"croisi\u00e8re\"],\"articleSection\":[\"Recette\",\"Sucr\u00e9\"],\"inLanguage\":\"fr-FR\",\"potentialAction\":[{\"@type\":\"CommentAction\",\"name\":\"Comment\",\"target\":[\"https:\/\/dukanette.fr\/?p=7551#respond\"]}]},{\"@type\":\"WebPage\",\"@id\":\"https:\/\/dukanette.fr\/?p=7551\",\"url\":\"https:\/\/dukanette.fr\/?p=7551\",\"name\":\"G\u00e2teau aux yaourts Moelleux au Petit \u00c9peautre & Amande \ud83c\udf70 - Se faire plaisir\",\"isPartOf\":{\"@id\":\"https:\/\/dukanette.fr\/#website\"},\"primaryImageOfPage\":{\"@id\":\"https:\/\/dukanette.fr\/?p=7551#primaryimage\"},\"image\":{\"@id\":\"https:\/\/dukanette.fr\/?p=7551#primaryimage\"},\"thumbnailUrl\":\"https:\/\/dukanette.fr\/wp-content\/uploads\/2025\/02\/476402738_3042235445947518_4283869745128628986_n.jpg\",\"datePublished\":\"2025-02-08T12:10:33+00:00\",\"dateModified\":\"2025-02-08T12:11:08+00:00\",\"author\":{\"@id\":\"https:\/\/dukanette.fr\/#\/schema\/person\/29a18a2e65b28473696b7464a7b4616f\"},\"breadcrumb\":{\"@id\":\"https:\/\/dukanette.fr\/?p=7551#breadcrumb\"},\"inLanguage\":\"fr-FR\",\"potentialAction\":[{\"@type\":\"ReadAction\",\"target\":[\"https:\/\/dukanette.fr\/?p=7551\"]}]},{\"@type\":\"ImageObject\",\"inLanguage\":\"fr-FR\",\"@id\":\"https:\/\/dukanette.fr\/?p=7551#primaryimage\",\"url\":\"https:\/\/dukanette.fr\/wp-content\/uploads\/2025\/02\/476402738_3042235445947518_4283869745128628986_n.jpg\",\"contentUrl\":\"https:\/\/dukanette.fr\/wp-content\/uploads\/2025\/02\/476402738_3042235445947518_4283869745128628986_n.jpg\",\"width\":828,\"height\":1104},{\"@type\":\"BreadcrumbList\",\"@id\":\"https:\/\/dukanette.fr\/?p=7551#breadcrumb\",\"itemListElement\":[{\"@type\":\"ListItem\",\"position\":1,\"name\":\"Accueil\",\"item\":\"https:\/\/dukanette.fr\/\"},{\"@type\":\"ListItem\",\"position\":2,\"name\":\"G\u00e2teau aux yaourts Moelleux au Petit \u00c9peautre &#038; Amande \ud83c\udf70\"}]},{\"@type\":\"WebSite\",\"@id\":\"https:\/\/dukanette.fr\/#website\",\"url\":\"https:\/\/dukanette.fr\/\",\"name\":\"Maigrir en se faisant plaisir\",\"description\":\"Blog dukan de choupette\",\"potentialAction\":[{\"@type\":\"SearchAction\",\"target\":{\"@type\":\"EntryPoint\",\"urlTemplate\":\"https:\/\/dukanette.fr\/?s={search_term_string}\"},\"query-input\":{\"@type\":\"PropertyValueSpecification\",\"valueRequired\":true,\"valueName\":\"search_term_string\"}}],\"inLanguage\":\"fr-FR\"},{\"@type\":\"Person\",\"@id\":\"https:\/\/dukanette.fr\/#\/schema\/person\/29a18a2e65b28473696b7464a7b4616f\",\"name\":\"Nathalie\",\"image\":{\"@type\":\"ImageObject\",\"inLanguage\":\"fr-FR\",\"@id\":\"https:\/\/secure.gravatar.com\/avatar\/ee01839dc6049b7f398e764314b56d1f3d458829a172b8717953e96bf997a099?s=96&d=mm&r=g\",\"url\":\"https:\/\/secure.gravatar.com\/avatar\/ee01839dc6049b7f398e764314b56d1f3d458829a172b8717953e96bf997a099?s=96&d=mm&r=g\",\"contentUrl\":\"https:\/\/secure.gravatar.com\/avatar\/ee01839dc6049b7f398e764314b56d1f3d458829a172b8717953e96bf997a099?s=96&d=mm&r=g\",\"caption\":\"Nathalie\"},\"url\":\"https:\/\/dukanette.fr\/?author=1\"}]}<\/script>\n<!-- \/ Yoast SEO plugin. -->","yoast_head_json":{"title":"G\u00e2teau aux yaourts Moelleux au Petit \u00c9peautre & Amande \ud83c\udf70 - Se faire plaisir","robots":{"index":"index","follow":"follow","max-snippet":"max-snippet:-1","max-image-preview":"max-image-preview:large","max-video-preview":"max-video-preview:-1"},"canonical":"https:\/\/dukanette.fr\/?p=7551","og_locale":"fr_FR","og_type":"article","og_title":"G\u00e2teau aux yaourts Moelleux au Petit \u00c9peautre & Amande \ud83c\udf70 - Se faire plaisir","og_description":"Un g\u00e2teau l\u00e9ger, parfum\u00e9 et parfait pour une pause gourmande ! \ud83d\uded2 Ingr\u00e9dients (pour un moule de 25 cm) \ud83e\udd63 Base du g\u00e2teau : \u2714\ufe0f 2 yaourts nature (125 g&hellip;","og_url":"https:\/\/dukanette.fr\/?p=7551","og_site_name":"Se faire plaisir","article_publisher":"https:\/\/www.facebook.com\/ptitedukanette","article_published_time":"2025-02-08T12:10:33+00:00","article_modified_time":"2025-02-08T12:11:08+00:00","og_image":[{"width":828,"height":1104,"url":"https:\/\/dukanette.fr\/wp-content\/uploads\/2025\/02\/476402738_3042235445947518_4283869745128628986_n.jpg","type":"image\/jpeg"}],"author":"Nathalie","twitter_card":"summary_large_image","twitter_misc":{"\u00c9crit par":"Nathalie","Dur\u00e9e de lecture estim\u00e9e":"2 minutes"},"schema":{"@context":"https:\/\/schema.org","@graph":[{"@type":"Article","@id":"https:\/\/dukanette.fr\/?p=7551#article","isPartOf":{"@id":"https:\/\/dukanette.fr\/?p=7551"},"author":{"name":"Nathalie","@id":"https:\/\/dukanette.fr\/#\/schema\/person\/29a18a2e65b28473696b7464a7b4616f"},"headline":"G\u00e2teau aux yaourts Moelleux au Petit \u00c9peautre &#038; Amande \ud83c\udf70","datePublished":"2025-02-08T12:10:33+00:00","dateModified":"2025-02-08T12:11:08+00:00","mainEntityOfPage":{"@id":"https:\/\/dukanette.fr\/?p=7551"},"wordCount":248,"commentCount":0,"image":{"@id":"https:\/\/dukanette.fr\/?p=7551#primaryimage"},"thumbnailUrl":"https:\/\/dukanette.fr\/wp-content\/uploads\/2025\/02\/476402738_3042235445947518_4283869745128628986_n.jpg","keywords":["croisi\u00e8re"],"articleSection":["Recette","Sucr\u00e9"],"inLanguage":"fr-FR","potentialAction":[{"@type":"CommentAction","name":"Comment","target":["https:\/\/dukanette.fr\/?p=7551#respond"]}]},{"@type":"WebPage","@id":"https:\/\/dukanette.fr\/?p=7551","url":"https:\/\/dukanette.fr\/?p=7551","name":"G\u00e2teau aux yaourts Moelleux au Petit \u00c9peautre & Amande \ud83c\udf70 - Se faire plaisir","isPartOf":{"@id":"https:\/\/dukanette.fr\/#website"},"primaryImageOfPage":{"@id":"https:\/\/dukanette.fr\/?p=7551#primaryimage"},"image":{"@id":"https:\/\/dukanette.fr\/?p=7551#primaryimage"},"thumbnailUrl":"https:\/\/dukanette.fr\/wp-content\/uploads\/2025\/02\/476402738_3042235445947518_4283869745128628986_n.jpg","datePublished":"2025-02-08T12:10:33+00:00","dateModified":"2025-02-08T12:11:08+00:00","author":{"@id":"https:\/\/dukanette.fr\/#\/schema\/person\/29a18a2e65b28473696b7464a7b4616f"},"breadcrumb":{"@id":"https:\/\/dukanette.fr\/?p=7551#breadcrumb"},"inLanguage":"fr-FR","potentialAction":[{"@type":"ReadAction","target":["https:\/\/dukanette.fr\/?p=7551"]}]},{"@type":"ImageObject","inLanguage":"fr-FR","@id":"https:\/\/dukanette.fr\/?p=7551#primaryimage","url":"https:\/\/dukanette.fr\/wp-content\/uploads\/2025\/02\/476402738_3042235445947518_4283869745128628986_n.jpg","contentUrl":"https:\/\/dukanette.fr\/wp-content\/uploads\/2025\/02\/476402738_3042235445947518_4283869745128628986_n.jpg","width":828,"height":1104},{"@type":"BreadcrumbList","@id":"https:\/\/dukanette.fr\/?p=7551#breadcrumb","itemListElement":[{"@type":"ListItem","position":1,"name":"Accueil","item":"https:\/\/dukanette.fr\/"},{"@type":"ListItem","position":2,"name":"G\u00e2teau aux yaourts Moelleux au Petit \u00c9peautre &#038; Amande \ud83c\udf70"}]},{"@type":"WebSite","@id":"https:\/\/dukanette.fr\/#website","url":"https:\/\/dukanette.fr\/","name":"Maigrir en se faisant plaisir","description":"Blog dukan de choupette","potentialAction":[{"@type":"SearchAction","target":{"@type":"EntryPoint","urlTemplate":"https:\/\/dukanette.fr\/?s={search_term_string}"},"query-input":{"@type":"PropertyValueSpecification","valueRequired":true,"valueName":"search_term_string"}}],"inLanguage":"fr-FR"},{"@type":"Person","@id":"https:\/\/dukanette.fr\/#\/schema\/person\/29a18a2e65b28473696b7464a7b4616f","name":"Nathalie","image":{"@type":"ImageObject","inLanguage":"fr-FR","@id":"https:\/\/secure.gravatar.com\/avatar\/ee01839dc6049b7f398e764314b56d1f3d458829a172b8717953e96bf997a099?s=96&d=mm&r=g","url":"https:\/\/secure.gravatar.com\/avatar\/ee01839dc6049b7f398e764314b56d1f3d458829a172b8717953e96bf997a099?s=96&d=mm&r=g","contentUrl":"https:\/\/secure.gravatar.com\/avatar\/ee01839dc6049b7f398e764314b56d1f3d458829a172b8717953e96bf997a099?s=96&d=mm&r=g","caption":"Nathalie"},"url":"https:\/\/dukanette.fr\/?author=1"}]}},"jetpack_featured_media_url":"https:\/\/dukanette.fr\/wp-content\/uploads\/2025\/02\/476402738_3042235445947518_4283869745128628986_n.jpg","jetpack_sharing_enabled":true,"_links":{"self":[{"href":"https:\/\/dukanette.fr\/index.php?rest_route=\/wp\/v2\/posts\/7551","targetHints":{"allow":["GET"]}}],"collection":[{"href":"https:\/\/dukanette.fr\/index.php?rest_route=\/wp\/v2\/posts"}],"about":[{"href":"https:\/\/dukanette.fr\/index.php?rest_route=\/wp\/v2\/types\/post"}],"author":[{"embeddable":true,"href":"https:\/\/dukanette.fr\/index.php?rest_route=\/wp\/v2\/users\/1"}],"replies":[{"embeddable":true,"href":"https:\/\/dukanette.fr\/index.php?rest_route=%2Fwp%2Fv2%2Fcomments&post=7551"}],"version-history":[{"count":2,"href":"https:\/\/dukanette.fr\/index.php?rest_route=\/wp\/v2\/posts\/7551\/revisions"}],"predecessor-version":[{"id":7554,"href":"https:\/\/dukanette.fr\/index.php?rest_route=\/wp\/v2\/posts\/7551\/revisions\/7554"}],"wp:featuredmedia":[{"embeddable":true,"href":"https:\/\/dukanette.fr\/index.php?rest_route=\/wp\/v2\/media\/7552"}],"wp:attachment":[{"href":"https:\/\/dukanette.fr\/index.php?rest_route=%2Fwp%2Fv2%2Fmedia&parent=7551"}],"wp:term":[{"taxonomy":"category","embeddable":true,"href":"https:\/\/dukanette.fr\/index.php?rest_route=%2Fwp%2Fv2%2Fcategories&post=7551"},{"taxonomy":"post_tag","embeddable":true,"href":"https:\/\/dukanette.fr\/index.php?rest_route=%2Fwp%2Fv2%2Ftags&post=7551"}],"curies":[{"name":"wp","href":"https:\/\/api.w.org\/{rel}","templated":true}]}}