{"id":893,"date":"2017-05-20T13:21:33","date_gmt":"2017-05-20T11:21:33","guid":{"rendered":"http:\/\/ptitedukanette.fr\/?p=893"},"modified":"2017-05-20T14:39:17","modified_gmt":"2017-05-20T12:39:17","slug":"893","status":"publish","type":"post","link":"https:\/\/dukanette.fr\/?p=893","title":{"rendered":"Tarte saumon brocolis"},"content":{"rendered":"<p><!--Ads1--><\/p>\n<p><!--Ads2--><\/p>\n<p><!--Ads3--><\/p>\n<p style=\"text-align: center;\"><img loading=\"lazy\" decoding=\"async\" class=\"size-medium wp-image-894 aligncenter\" src=\"http:\/\/ptitedukanette.fr\/wp-content\/uploads\/2017\/05\/i115142--300x300.jpeg\" alt=\"\" width=\"300\" height=\"300\" srcset=\"https:\/\/dukanette.fr\/wp-content\/uploads\/2017\/05\/i115142--300x300.jpeg 300w, https:\/\/dukanette.fr\/wp-content\/uploads\/2017\/05\/i115142--150x150.jpeg 150w, https:\/\/dukanette.fr\/wp-content\/uploads\/2017\/05\/i115142--50x50.jpeg 50w, https:\/\/dukanette.fr\/wp-content\/uploads\/2017\/05\/i115142-.jpeg 610w\" sizes=\"auto, (max-width: 300px) 100vw, 300px\" \/><\/p>\n<ul>\n<li>1 p\u00e2te\u00a0Dukan<br \/>\n-4 tranches de saumon fum\u00e9<br \/>\n-500 g de brocolis pr\u00e9cuits \u00e0 la vapeur<br \/>\n-3 \u0153ufs<br \/>\n-20 cl de cr\u00e8me fra\u00eeche all\u00e9g\u00e9e<br \/>\n-aneth<br \/>\n-sel<br \/>\n-poivre<\/li>\n<\/ul>\n<p class=\"p10 %#PrepaCSS(Container.DataItem.ToString())%&gt;\" style=\"box-sizing: border-box; margin: 0px 0px 20px; padding: 0.625rem; color: #777777; font-family: Lato, Helvetica, Arial, sans-serif; font-size: medium; font-style: normal; font-variant-ligatures: normal; font-variant-caps: normal; font-weight: normal; letter-spacing: normal; orphans: 2; text-align: start; text-indent: 0px; text-transform: none; white-space: normal; widows: 2; word-spacing: 0px; -webkit-text-stroke-width: 0px; background-color: #ffffff; text-decoration-style: initial; text-decoration-color: initial;\">Pr\u00e9chauffer le four \u00e0 th.6 (180 \u00b0C).<\/p>\n<p class=\"p10 %#PrepaCSS(Container.DataItem.ToString())%&gt;\" style=\"box-sizing: border-box; margin: 0px 0px 20px; padding: 0.625rem; color: #777777; font-family: Lato, Helvetica, Arial, sans-serif; font-size: medium; font-style: normal; font-variant-ligatures: normal; font-variant-caps: normal; font-weight: normal; letter-spacing: normal; orphans: 2; text-align: start; text-indent: 0px; text-transform: none; white-space: normal; widows: 2; word-spacing: 0px; -webkit-text-stroke-width: 0px; background-color: #ffffff; text-decoration-style: initial; text-decoration-color: initial;\">Disposer la p\u00e2te feuillet\u00e9e dans un moule \u00e0 tarte.<\/p>\n<p class=\"p10 %#PrepaCSS(Container.DataItem.ToString())%&gt;\" style=\"box-sizing: border-box; margin: 0px 0px 20px; padding: 0.625rem; color: #777777; font-family: Lato, Helvetica, Arial, sans-serif; font-size: medium; font-style: normal; font-variant-ligatures: normal; font-variant-caps: normal; font-weight: normal; letter-spacing: normal; orphans: 2; text-align: start; text-indent: 0px; text-transform: none; white-space: normal; widows: 2; word-spacing: 0px; -webkit-text-stroke-width: 0px; background-color: #ffffff; text-decoration-style: initial; text-decoration-color: initial;\">Placer les tranches de saumon fum\u00e9 sur le fond de la p\u00e2te.<\/p>\n<p class=\"p10 %#PrepaCSS(Container.DataItem.ToString())%&gt;\" style=\"box-sizing: border-box; margin: 0px 0px 20px; padding: 0.625rem; color: #777777; font-family: Lato, Helvetica, Arial, sans-serif; font-size: medium; font-style: normal; font-variant-ligatures: normal; font-variant-caps: normal; font-weight: normal; letter-spacing: normal; orphans: 2; text-align: start; text-indent: 0px; text-transform: none; white-space: normal; widows: 2; word-spacing: 0px; -webkit-text-stroke-width: 0px; background-color: #ffffff; text-decoration-style: initial; text-decoration-color: initial;\">Y parsemer les fleurettes de brocolis.<\/p>\n<p class=\"p10 %#PrepaCSS(Container.DataItem.ToString())%&gt;\" style=\"box-sizing: border-box; margin: 0px 0px 20px; padding: 0.625rem; color: #777777; font-family: Lato, Helvetica, Arial, sans-serif; font-size: medium; font-style: normal; font-variant-ligatures: normal; font-variant-caps: normal; font-weight: normal; letter-spacing: normal; orphans: 2; text-align: start; text-indent: 0px; text-transform: none; white-space: normal; widows: 2; word-spacing: 0px; -webkit-text-stroke-width: 0px; background-color: #ffffff; text-decoration-style: initial; text-decoration-color: initial;\">Battre la cr\u00e8me et les \u0153ufs dans un saladier.<\/p>\n<p class=\"p10 %#PrepaCSS(Container.DataItem.ToString())%&gt;\" style=\"box-sizing: border-box; margin: 0px 0px 20px; padding: 0.625rem; color: #777777; font-family: Lato, Helvetica, Arial, sans-serif; font-size: medium; font-style: normal; font-variant-ligatures: normal; font-variant-caps: normal; font-weight: normal; letter-spacing: normal; orphans: 2; text-align: start; text-indent: 0px; text-transform: none; white-space: normal; widows: 2; word-spacing: 0px; -webkit-text-stroke-width: 0px; background-color: #ffffff; text-decoration-style: initial; text-decoration-color: initial;\">Additionner le sel, le poivre et l&rsquo;anette<\/p>\n<p class=\"p10 %#PrepaCSS(Container.DataItem.ToString())%&gt;\" style=\"box-sizing: border-box; margin: 0px 0px 20px; padding: 0.625rem; color: #777777; font-family: Lato, Helvetica, Arial, sans-serif; font-size: medium; font-style: normal; font-variant-ligatures: normal; font-variant-caps: normal; font-weight: normal; letter-spacing: normal; orphans: 2; text-align: start; text-indent: 0px; text-transform: none; white-space: normal; widows: 2; word-spacing: 0px; -webkit-text-stroke-width: 0px; background-color: #ffffff; text-decoration-style: initial; text-decoration-color: initial;\">Recouvrir les brocolis avec la pr\u00e9paration pr\u00e9c\u00e9dente et mettre la tarte au four pendant 20 mn<\/p>\n<p class=\"p10 %#PrepaCSS(Container.DataItem.ToString())%&gt;\" style=\"box-sizing: border-box; margin: 0px 0px 20px; padding: 0.625rem; color: #777777; font-family: Lato, Helvetica, Arial, sans-serif; font-size: medium; font-style: normal; font-variant-ligatures: normal; font-variant-caps: normal; font-weight: normal; letter-spacing: normal; orphans: 2; text-align: start; text-indent: 0px; text-transform: none; white-space: normal; widows: 2; word-spacing: 0px; -webkit-text-stroke-width: 0px; background-color: #ffffff; text-decoration-style: initial; text-decoration-color: initial;\"><strong>P\u00e2te dudu<\/strong><\/p>\n<p class=\"p10 %#PrepaCSS(Container.DataItem.ToString())%&gt;\" style=\"box-sizing: border-box; margin: 0px 0px 20px; padding: 0.625rem; color: #777777; font-family: Lato, Helvetica, Arial, sans-serif; font-size: medium; font-style: normal; font-variant-ligatures: normal; font-variant-caps: normal; font-weight: normal; letter-spacing: normal; orphans: 2; text-align: start; text-indent: 0px; text-transform: none; white-space: normal; widows: 2; word-spacing: 0px; -webkit-text-stroke-width: 0px; background-color: #ffffff; text-decoration-style: initial; text-decoration-color: initial;\">2 oeufs<\/p>\n<p>\u00a0 \u00a0 2 cs de son de bl\u00e9<\/p>\n<p>4 cs de son d&rsquo;avoine<\/p>\n<p>1 yaourt 0%<\/p>\n<p>Dans une jatte, battez 2 oeufs entiers avec le yaourt, puis ajoutez le son de bl\u00e9 et le son d&rsquo;avoine.<\/p>\n<p>Disposez dans un moule \u00e0 tarte, puis enfournez \u00e0 180\u00b0C pendant 20 minutes<\/p>\n<p>&nbsp;<\/p>\n<p>&nbsp;<\/p>\n","protected":false},"excerpt":{"rendered":"<p>1 p\u00e2te\u00a0Dukan -4 tranches de saumon fum\u00e9 -500 g de brocolis pr\u00e9cuits \u00e0 la vapeur -3 \u0153ufs -20 cl de cr\u00e8me fra\u00eeche all\u00e9g\u00e9e -aneth -sel -poivre Pr\u00e9chauffer le four \u00e0&hellip;<\/p>\n","protected":false},"author":1,"featured_media":0,"comment_status":"open","ping_status":"closed","sticky":false,"template":"","format":"standard","meta":{"wprm-recipe-roundup-name":"","wprm-recipe-roundup-description":"","_jetpack_memberships_contains_paid_content":false,"footnotes":""},"categories":[2,3],"tags":[12],"class_list":["post-893","post","type-post","status-publish","format-standard","hentry","category-recette","category-sale","tag-croisiere"],"yoast_head":"<!-- This site is optimized with the Yoast SEO plugin v27.2 - https:\/\/yoast.com\/product\/yoast-seo-wordpress\/ -->\n<title>Tarte saumon brocolis - Se faire plaisir<\/title>\n<meta name=\"robots\" content=\"index, follow, max-snippet:-1, max-image-preview:large, max-video-preview:-1\" \/>\n<link rel=\"canonical\" href=\"https:\/\/dukanette.fr\/?p=893\" \/>\n<meta property=\"og:locale\" content=\"fr_FR\" \/>\n<meta property=\"og:type\" content=\"article\" \/>\n<meta property=\"og:title\" content=\"Tarte saumon brocolis - Se faire plaisir\" \/>\n<meta property=\"og:description\" content=\"1 p\u00e2te\u00a0Dukan -4 tranches de saumon fum\u00e9 -500 g de brocolis pr\u00e9cuits \u00e0 la vapeur -3 \u0153ufs -20 cl de cr\u00e8me fra\u00eeche all\u00e9g\u00e9e -aneth -sel -poivre Pr\u00e9chauffer le four \u00e0&hellip;\" \/>\n<meta property=\"og:url\" content=\"https:\/\/dukanette.fr\/?p=893\" \/>\n<meta property=\"og:site_name\" content=\"Se faire plaisir\" \/>\n<meta property=\"article:publisher\" content=\"https:\/\/www.facebook.com\/ptitedukanette\" \/>\n<meta property=\"article:published_time\" content=\"2017-05-20T11:21:33+00:00\" \/>\n<meta property=\"article:modified_time\" content=\"2017-05-20T12:39:17+00:00\" \/>\n<meta property=\"og:image\" content=\"http:\/\/ptitedukanette.fr\/wp-content\/uploads\/2017\/05\/i115142--300x300.jpeg\" \/>\n<meta name=\"author\" content=\"Nathalie\" \/>\n<meta name=\"twitter:card\" content=\"summary_large_image\" \/>\n<meta name=\"twitter:label1\" content=\"\u00c9crit par\" \/>\n\t<meta name=\"twitter:data1\" content=\"Nathalie\" \/>\n\t<meta name=\"twitter:label2\" content=\"Dur\u00e9e de lecture estim\u00e9e\" \/>\n\t<meta name=\"twitter:data2\" content=\"1 minute\" \/>\n<script type=\"application\/ld+json\" class=\"yoast-schema-graph\">{\"@context\":\"https:\/\/schema.org\",\"@graph\":[{\"@type\":\"Article\",\"@id\":\"https:\/\/dukanette.fr\/?p=893#article\",\"isPartOf\":{\"@id\":\"https:\/\/dukanette.fr\/?p=893\"},\"author\":{\"name\":\"Nathalie\",\"@id\":\"https:\/\/dukanette.fr\/#\/schema\/person\/29a18a2e65b28473696b7464a7b4616f\"},\"headline\":\"Tarte saumon brocolis\",\"datePublished\":\"2017-05-20T11:21:33+00:00\",\"dateModified\":\"2017-05-20T12:39:17+00:00\",\"mainEntityOfPage\":{\"@id\":\"https:\/\/dukanette.fr\/?p=893\"},\"wordCount\":152,\"commentCount\":0,\"image\":{\"@id\":\"https:\/\/dukanette.fr\/?p=893#primaryimage\"},\"thumbnailUrl\":\"http:\/\/ptitedukanette.fr\/wp-content\/uploads\/2017\/05\/i115142--300x300.jpeg\",\"keywords\":[\"croisi\u00e8re\"],\"articleSection\":[\"Recette\",\"Sal\u00e9\"],\"inLanguage\":\"fr-FR\",\"potentialAction\":[{\"@type\":\"CommentAction\",\"name\":\"Comment\",\"target\":[\"https:\/\/dukanette.fr\/?p=893#respond\"]}]},{\"@type\":\"WebPage\",\"@id\":\"https:\/\/dukanette.fr\/?p=893\",\"url\":\"https:\/\/dukanette.fr\/?p=893\",\"name\":\"Tarte saumon brocolis - Se faire plaisir\",\"isPartOf\":{\"@id\":\"https:\/\/dukanette.fr\/#website\"},\"primaryImageOfPage\":{\"@id\":\"https:\/\/dukanette.fr\/?p=893#primaryimage\"},\"image\":{\"@id\":\"https:\/\/dukanette.fr\/?p=893#primaryimage\"},\"thumbnailUrl\":\"http:\/\/ptitedukanette.fr\/wp-content\/uploads\/2017\/05\/i115142--300x300.jpeg\",\"datePublished\":\"2017-05-20T11:21:33+00:00\",\"dateModified\":\"2017-05-20T12:39:17+00:00\",\"author\":{\"@id\":\"https:\/\/dukanette.fr\/#\/schema\/person\/29a18a2e65b28473696b7464a7b4616f\"},\"breadcrumb\":{\"@id\":\"https:\/\/dukanette.fr\/?p=893#breadcrumb\"},\"inLanguage\":\"fr-FR\",\"potentialAction\":[{\"@type\":\"ReadAction\",\"target\":[\"https:\/\/dukanette.fr\/?p=893\"]}]},{\"@type\":\"ImageObject\",\"inLanguage\":\"fr-FR\",\"@id\":\"https:\/\/dukanette.fr\/?p=893#primaryimage\",\"url\":\"http:\/\/ptitedukanette.fr\/wp-content\/uploads\/2017\/05\/i115142--300x300.jpeg\",\"contentUrl\":\"http:\/\/ptitedukanette.fr\/wp-content\/uploads\/2017\/05\/i115142--300x300.jpeg\"},{\"@type\":\"BreadcrumbList\",\"@id\":\"https:\/\/dukanette.fr\/?p=893#breadcrumb\",\"itemListElement\":[{\"@type\":\"ListItem\",\"position\":1,\"name\":\"Accueil\",\"item\":\"https:\/\/dukanette.fr\/\"},{\"@type\":\"ListItem\",\"position\":2,\"name\":\"Tarte saumon brocolis\"}]},{\"@type\":\"WebSite\",\"@id\":\"https:\/\/dukanette.fr\/#website\",\"url\":\"https:\/\/dukanette.fr\/\",\"name\":\"Maigrir en se faisant plaisir\",\"description\":\"Blog dukan de choupette\",\"potentialAction\":[{\"@type\":\"SearchAction\",\"target\":{\"@type\":\"EntryPoint\",\"urlTemplate\":\"https:\/\/dukanette.fr\/?s={search_term_string}\"},\"query-input\":{\"@type\":\"PropertyValueSpecification\",\"valueRequired\":true,\"valueName\":\"search_term_string\"}}],\"inLanguage\":\"fr-FR\"},{\"@type\":\"Person\",\"@id\":\"https:\/\/dukanette.fr\/#\/schema\/person\/29a18a2e65b28473696b7464a7b4616f\",\"name\":\"Nathalie\",\"image\":{\"@type\":\"ImageObject\",\"inLanguage\":\"fr-FR\",\"@id\":\"https:\/\/secure.gravatar.com\/avatar\/ee01839dc6049b7f398e764314b56d1f3d458829a172b8717953e96bf997a099?s=96&d=mm&r=g\",\"url\":\"https:\/\/secure.gravatar.com\/avatar\/ee01839dc6049b7f398e764314b56d1f3d458829a172b8717953e96bf997a099?s=96&d=mm&r=g\",\"contentUrl\":\"https:\/\/secure.gravatar.com\/avatar\/ee01839dc6049b7f398e764314b56d1f3d458829a172b8717953e96bf997a099?s=96&d=mm&r=g\",\"caption\":\"Nathalie\"},\"url\":\"https:\/\/dukanette.fr\/?author=1\"}]}<\/script>\n<!-- \/ Yoast SEO plugin. -->","yoast_head_json":{"title":"Tarte saumon brocolis - Se faire plaisir","robots":{"index":"index","follow":"follow","max-snippet":"max-snippet:-1","max-image-preview":"max-image-preview:large","max-video-preview":"max-video-preview:-1"},"canonical":"https:\/\/dukanette.fr\/?p=893","og_locale":"fr_FR","og_type":"article","og_title":"Tarte saumon brocolis - Se faire plaisir","og_description":"1 p\u00e2te\u00a0Dukan -4 tranches de saumon fum\u00e9 -500 g de brocolis pr\u00e9cuits \u00e0 la vapeur -3 \u0153ufs -20 cl de cr\u00e8me fra\u00eeche all\u00e9g\u00e9e -aneth -sel -poivre Pr\u00e9chauffer le four \u00e0&hellip;","og_url":"https:\/\/dukanette.fr\/?p=893","og_site_name":"Se faire plaisir","article_publisher":"https:\/\/www.facebook.com\/ptitedukanette","article_published_time":"2017-05-20T11:21:33+00:00","article_modified_time":"2017-05-20T12:39:17+00:00","og_image":[{"url":"http:\/\/ptitedukanette.fr\/wp-content\/uploads\/2017\/05\/i115142--300x300.jpeg","type":"","width":"","height":""}],"author":"Nathalie","twitter_card":"summary_large_image","twitter_misc":{"\u00c9crit par":"Nathalie","Dur\u00e9e de lecture estim\u00e9e":"1 minute"},"schema":{"@context":"https:\/\/schema.org","@graph":[{"@type":"Article","@id":"https:\/\/dukanette.fr\/?p=893#article","isPartOf":{"@id":"https:\/\/dukanette.fr\/?p=893"},"author":{"name":"Nathalie","@id":"https:\/\/dukanette.fr\/#\/schema\/person\/29a18a2e65b28473696b7464a7b4616f"},"headline":"Tarte saumon brocolis","datePublished":"2017-05-20T11:21:33+00:00","dateModified":"2017-05-20T12:39:17+00:00","mainEntityOfPage":{"@id":"https:\/\/dukanette.fr\/?p=893"},"wordCount":152,"commentCount":0,"image":{"@id":"https:\/\/dukanette.fr\/?p=893#primaryimage"},"thumbnailUrl":"http:\/\/ptitedukanette.fr\/wp-content\/uploads\/2017\/05\/i115142--300x300.jpeg","keywords":["croisi\u00e8re"],"articleSection":["Recette","Sal\u00e9"],"inLanguage":"fr-FR","potentialAction":[{"@type":"CommentAction","name":"Comment","target":["https:\/\/dukanette.fr\/?p=893#respond"]}]},{"@type":"WebPage","@id":"https:\/\/dukanette.fr\/?p=893","url":"https:\/\/dukanette.fr\/?p=893","name":"Tarte saumon brocolis - Se faire plaisir","isPartOf":{"@id":"https:\/\/dukanette.fr\/#website"},"primaryImageOfPage":{"@id":"https:\/\/dukanette.fr\/?p=893#primaryimage"},"image":{"@id":"https:\/\/dukanette.fr\/?p=893#primaryimage"},"thumbnailUrl":"http:\/\/ptitedukanette.fr\/wp-content\/uploads\/2017\/05\/i115142--300x300.jpeg","datePublished":"2017-05-20T11:21:33+00:00","dateModified":"2017-05-20T12:39:17+00:00","author":{"@id":"https:\/\/dukanette.fr\/#\/schema\/person\/29a18a2e65b28473696b7464a7b4616f"},"breadcrumb":{"@id":"https:\/\/dukanette.fr\/?p=893#breadcrumb"},"inLanguage":"fr-FR","potentialAction":[{"@type":"ReadAction","target":["https:\/\/dukanette.fr\/?p=893"]}]},{"@type":"ImageObject","inLanguage":"fr-FR","@id":"https:\/\/dukanette.fr\/?p=893#primaryimage","url":"http:\/\/ptitedukanette.fr\/wp-content\/uploads\/2017\/05\/i115142--300x300.jpeg","contentUrl":"http:\/\/ptitedukanette.fr\/wp-content\/uploads\/2017\/05\/i115142--300x300.jpeg"},{"@type":"BreadcrumbList","@id":"https:\/\/dukanette.fr\/?p=893#breadcrumb","itemListElement":[{"@type":"ListItem","position":1,"name":"Accueil","item":"https:\/\/dukanette.fr\/"},{"@type":"ListItem","position":2,"name":"Tarte saumon brocolis"}]},{"@type":"WebSite","@id":"https:\/\/dukanette.fr\/#website","url":"https:\/\/dukanette.fr\/","name":"Maigrir en se faisant plaisir","description":"Blog dukan de choupette","potentialAction":[{"@type":"SearchAction","target":{"@type":"EntryPoint","urlTemplate":"https:\/\/dukanette.fr\/?s={search_term_string}"},"query-input":{"@type":"PropertyValueSpecification","valueRequired":true,"valueName":"search_term_string"}}],"inLanguage":"fr-FR"},{"@type":"Person","@id":"https:\/\/dukanette.fr\/#\/schema\/person\/29a18a2e65b28473696b7464a7b4616f","name":"Nathalie","image":{"@type":"ImageObject","inLanguage":"fr-FR","@id":"https:\/\/secure.gravatar.com\/avatar\/ee01839dc6049b7f398e764314b56d1f3d458829a172b8717953e96bf997a099?s=96&d=mm&r=g","url":"https:\/\/secure.gravatar.com\/avatar\/ee01839dc6049b7f398e764314b56d1f3d458829a172b8717953e96bf997a099?s=96&d=mm&r=g","contentUrl":"https:\/\/secure.gravatar.com\/avatar\/ee01839dc6049b7f398e764314b56d1f3d458829a172b8717953e96bf997a099?s=96&d=mm&r=g","caption":"Nathalie"},"url":"https:\/\/dukanette.fr\/?author=1"}]}},"jetpack_featured_media_url":"","jetpack_sharing_enabled":true,"_links":{"self":[{"href":"https:\/\/dukanette.fr\/index.php?rest_route=\/wp\/v2\/posts\/893","targetHints":{"allow":["GET"]}}],"collection":[{"href":"https:\/\/dukanette.fr\/index.php?rest_route=\/wp\/v2\/posts"}],"about":[{"href":"https:\/\/dukanette.fr\/index.php?rest_route=\/wp\/v2\/types\/post"}],"author":[{"embeddable":true,"href":"https:\/\/dukanette.fr\/index.php?rest_route=\/wp\/v2\/users\/1"}],"replies":[{"embeddable":true,"href":"https:\/\/dukanette.fr\/index.php?rest_route=%2Fwp%2Fv2%2Fcomments&post=893"}],"version-history":[{"count":4,"href":"https:\/\/dukanette.fr\/index.php?rest_route=\/wp\/v2\/posts\/893\/revisions"}],"predecessor-version":[{"id":901,"href":"https:\/\/dukanette.fr\/index.php?rest_route=\/wp\/v2\/posts\/893\/revisions\/901"}],"wp:attachment":[{"href":"https:\/\/dukanette.fr\/index.php?rest_route=%2Fwp%2Fv2%2Fmedia&parent=893"}],"wp:term":[{"taxonomy":"category","embeddable":true,"href":"https:\/\/dukanette.fr\/index.php?rest_route=%2Fwp%2Fv2%2Fcategories&post=893"},{"taxonomy":"post_tag","embeddable":true,"href":"https:\/\/dukanette.fr\/index.php?rest_route=%2Fwp%2Fv2%2Ftags&post=893"}],"curies":[{"name":"wp","href":"https:\/\/api.w.org\/{rel}","templated":true}]}}